{"id":34855,"date":"2015-12-09T14:42:41","date_gmt":"2015-12-09T12:42:41","guid":{"rendered":"http:\/\/www.sana.sy\/es\/?p=34855"},"modified":"2015-12-09T14:42:41","modified_gmt":"2015-12-09T12:42:41","slug":"inicia-en-damasco-la-conferencia-de-fuerzas-de-la-oposicion-nacional","status":"publish","type":"post","link":"https:\/\/archive.sana.sy\/es\/?p=34855","title":{"rendered":"Inicia en Damasco la Conferencia de Fuerzas de la Oposici\u00f3n Nacional"},"content":{"rendered":"<p><span style=\"color: #800000\">Damasco, SANA<\/span><\/p>\n<p>Se celebr\u00f3 este mi\u00e9rcoles en la capital Damasco, la Conferencia de las Fuerzas de la Oposicion Nacional bajo el lema &#8220;la voz del interior&#8221;, con la participaci\u00f3n de fuerzas y partidos de la oposici\u00f3n dentro de Siria.<\/p>\n<p>En su intervenci\u00f3n ante la conferencia, el secretario general del Partido del Pueblo, Nawaf Al-Melhem, dijo que &#8220;los complots que enfrenta Siria hace cinco a\u00f1os s\u00f3lo han fortalecido la firmeza y resistencia del pueblo sirio y lo han hecho aferrarse m\u00e1s a la unidad nacional.&#8221;<\/p>\n<p>Al-Melhem consider\u00f3 que el &#8220;objetivo de algunas conferencias auspiciadas por pa\u00edses regionales e internacionales y que alegan representar al pueblo sirio como la actual conferencia celebrada en Riad, su objetivo es socavar a Siria pero no lograr\u00e1n lo que no han logrado durante cinco a\u00f1os de guerra.<\/p>\n<p>A su vez, el secretario general del partido &#8220;Siria al-Watan&#8221;, Majed Niazi, dijo que &#8220;las fuerzas nacionales reunidas en la conferencia tienen diferentes visiones hacia lo que acontece pero defienden los principios nacionales de la patria.<\/p>\n<p>De igual manera, el Secretario general del Partido &#8220;Tadamun&#8221;, Mohammed Abu al-Qasim, confirm\u00f3 que su Partido est\u00e1 con todas las fuerzas y partes que anhelan y buscan alcanzar una soluci\u00f3n pol\u00edtica y pac\u00edfica para lograr las aspiraciones del pueblo sirio.<\/p>\n<p>&nbsp;<\/p>\n<p>&nbsp;<\/p>\n<p>Fady M., Lynn A.<\/p>\n","protected":false},"excerpt":{"rendered":"<p>Damasco, SANA Se celebr\u00f3 este mi\u00e9rcoles en la capital Damasco, la Conferencia de las Fuerzas de la Oposicion Nacional bajo el lema &#8220;la voz del interior&#8221;, con la participaci\u00f3n de fuerzas y partidos de la oposici\u00f3n dentro de Siria. En su intervenci\u00f3n ante la conferencia, el secretario general del Partido del Pueblo, Nawaf Al-Melhem, dijo &hellip;<\/p>\n","protected":false},"author":24,"featured_media":34856,"comment_status":"closed","ping_status":"closed","sticky":false,"template":"","format":"standard","meta":{"footnotes":""},"categories":[477,597,476,7541],"tags":[],"class_list":["post-34855","post","type-post","status-publish","format-standard","has-post-thumbnail","","category-noticias-edulcorantes","category-cinta-de-noticias","category-locales","category-ultimas-noticias"],"_links":{"self":[{"href":"https:\/\/archive.sana.sy\/es\/index.php?rest_route=\/wp\/v2\/posts\/34855"}],"collection":[{"href":"https:\/\/archive.sana.sy\/es\/index.php?rest_route=\/wp\/v2\/posts"}],"about":[{"href":"https:\/\/archive.sana.sy\/es\/index.php?rest_route=\/wp\/v2\/types\/post"}],"author":[{"embeddable":true,"href":"https:\/\/archive.sana.sy\/es\/index.php?rest_route=\/wp\/v2\/users\/24"}],"replies":[{"embeddable":true,"href":"https:\/\/archive.sana.sy\/es\/index.php?rest_route=%2Fwp%2Fv2%2Fcomments&post=34855"}],"version-history":[{"count":0,"href":"https:\/\/archive.sana.sy\/es\/index.php?rest_route=\/wp\/v2\/posts\/34855\/revisions"}],"wp:featuredmedia":[{"embeddable":true,"href":"https:\/\/archive.sana.sy\/es\/index.php?rest_route=\/wp\/v2\/media\/34856"}],"wp:attachment":[{"href":"https:\/\/archive.sana.sy\/es\/index.php?rest_route=%2Fwp%2Fv2%2Fmedia&parent=34855"}],"wp:term":[{"taxonomy":"category","embeddable":true,"href":"https:\/\/archive.sana.sy\/es\/index.php?rest_route=%2Fwp%2Fv2%2Fcategories&post=34855"},{"taxonomy":"post_tag","embeddable":true,"href":"https:\/\/archive.sana.sy\/es\/index.php?rest_route=%2Fwp%2Fv2%2Ftags&post=34855"}],"curies":[{"name":"wp","href":"https:\/\/api.w.org\/{rel}","templated":true}]}}