{"id":348554,"date":"2025-03-13T15:39:23","date_gmt":"2025-03-13T12:39:23","guid":{"rendered":"https:\/\/sana.sy\/es\/?p=348554"},"modified":"2025-03-13T15:39:23","modified_gmt":"2025-03-13T12:39:23","slug":"anuncian-la-declaracion-constitucional-de-siria","status":"publish","type":"post","link":"https:\/\/archive.sana.sy\/es\/?p=348554","title":{"rendered":"Anuncian la Declaraci\u00f3n Constitucional de Siria"},"content":{"rendered":"<p style=\"text-align: justify;\"><span style=\"color: #800000;\"><strong>Damasco, 13 mar (SANA)<\/strong> <\/span>El Comit\u00e9 de Expertos encargado de redactar la Declaraci\u00f3n Constitucional present\u00f3 hoy su proyecto al presidente.<\/p>\n<p style=\"text-align: justify;\">El documento prev\u00e9 la libertad de opini\u00f3n, expresi\u00f3n, informaci\u00f3n, publicaci\u00f3n y de prensa, as\u00ed como reafirma el compromiso del Estado con la unidad del territorio y el pueblo, y el respeto a las particularidades culturales.<\/p>\n<p style=\"text-align: justify;\">La Declaraci\u00f3n garantiz\u00f3 el derecho de las mujeres a la propiedad, la educaci\u00f3n y la participaci\u00f3n en el trabajo, y les confiri\u00f3 derechos pol\u00edticos.<\/p>\n<p style=\"text-align: justify;\">De igual manera, destac\u00f3 la importancia de los jueces, sus decisiones y su independencia, y dej\u00f3 la cuesti\u00f3n de destituir o reducir los poderes del presidente a la Asamblea Popular, que ser\u00e1 responsable de todo el proceso legislativo, mientras que el poder ejecutivo lo ejerce el Presidente de la Rep\u00fablica.<\/p>\n<p style=\"text-align: justify;\">El per\u00edodo de transici\u00f3n se fij\u00f3 en cinco a\u00f1os y se concedi\u00f3 al Presidente de la Rep\u00fablica el derecho de declarar el estado de emergencia.<\/p>\n<p style=\"text-align: justify;\">El presidente Ahmed Al-Shara, recibi\u00f3 el proyecto de Declaraci\u00f3n Constitucional del Comit\u00e9 encargado de redactarlo.<\/p>\n<p style=\"text-align: justify;\">Esperamos que esto sea un buen augurio para el pueblo sirio en el camino hacia la construcci\u00f3n y el desarrollo\u201d, afirm\u00f3 el mandatario.<\/p>\n<p style=\"text-align: justify;\">Esper\u00f3 que \u00e9sta sea una nueva historia para Siria, una en la que reemplacemos la ignorancia con el conocimiento y el sufrimiento con la misericordia.<\/p>\n<p style=\"text-align: justify;\">Asimismo, firm\u00f3 el proyecto de Declaraci\u00f3n Constitucional.<\/p>\n","protected":false},"excerpt":{"rendered":"<p>Damasco, 13 mar (SANA) El Comit\u00e9 de Expertos encargado de redactar la Declaraci\u00f3n Constitucional present\u00f3 hoy su proyecto al presidente. El documento prev\u00e9 la libertad de opini\u00f3n, expresi\u00f3n, informaci\u00f3n, publicaci\u00f3n y de prensa, as\u00ed como reafirma el compromiso del Estado con la unidad del territorio y el pueblo, y el respeto a las particularidades culturales. &hellip;<\/p>\n","protected":false},"author":39,"featured_media":348556,"comment_status":"closed","ping_status":"closed","sticky":false,"template":"","format":"standard","meta":{"footnotes":""},"categories":[477,597,20724,476,583],"tags":[],"class_list":["post-348554","post","type-post","status-publish","format-standard","has-post-thumbnail","","category-noticias-edulcorantes","category-cinta-de-noticias","category-minuto-a-minuto","category-locales","category-slide"],"_links":{"self":[{"href":"https:\/\/archive.sana.sy\/es\/index.php?rest_route=\/wp\/v2\/posts\/348554"}],"collection":[{"href":"https:\/\/archive.sana.sy\/es\/index.php?rest_route=\/wp\/v2\/posts"}],"about":[{"href":"https:\/\/archive.sana.sy\/es\/index.php?rest_route=\/wp\/v2\/types\/post"}],"author":[{"embeddable":true,"href":"https:\/\/archive.sana.sy\/es\/index.php?rest_route=\/wp\/v2\/users\/39"}],"replies":[{"embeddable":true,"href":"https:\/\/archive.sana.sy\/es\/index.php?rest_route=%2Fwp%2Fv2%2Fcomments&post=348554"}],"version-history":[{"count":1,"href":"https:\/\/archive.sana.sy\/es\/index.php?rest_route=\/wp\/v2\/posts\/348554\/revisions"}],"predecessor-version":[{"id":348557,"href":"https:\/\/archive.sana.sy\/es\/index.php?rest_route=\/wp\/v2\/posts\/348554\/revisions\/348557"}],"wp:featuredmedia":[{"embeddable":true,"href":"https:\/\/archive.sana.sy\/es\/index.php?rest_route=\/wp\/v2\/media\/348556"}],"wp:attachment":[{"href":"https:\/\/archive.sana.sy\/es\/index.php?rest_route=%2Fwp%2Fv2%2Fmedia&parent=348554"}],"wp:term":[{"taxonomy":"category","embeddable":true,"href":"https:\/\/archive.sana.sy\/es\/index.php?rest_route=%2Fwp%2Fv2%2Fcategories&post=348554"},{"taxonomy":"post_tag","embeddable":true,"href":"https:\/\/archive.sana.sy\/es\/index.php?rest_route=%2Fwp%2Fv2%2Ftags&post=348554"}],"curies":[{"name":"wp","href":"https:\/\/api.w.org\/{rel}","templated":true}]}}