{"id":348588,"date":"2025-03-14T09:21:12","date_gmt":"2025-03-14T06:21:12","guid":{"rendered":"https:\/\/sana.sy\/es\/?p=348588"},"modified":"2025-03-14T09:22:40","modified_gmt":"2025-03-14T06:22:40","slug":"gobernador-de-latakia-visita-a-um-ayman-rayha-la-senora-que-perdio-a-sus-hijos-en-los-recientes-acontecimientos-en-la-region-costera-y-le-ofrece-sus-condolencias","status":"publish","type":"post","link":"https:\/\/archive.sana.sy\/es\/?p=348588","title":{"rendered":"Gobernador de Latakia visita a Um Ayman Rayha, la se\u00f1ora que perdi\u00f3 a sus hijos en los recientes acontecimientos en la regi\u00f3n costera, y le ofrece sus condolencias"},"content":{"rendered":"<p style=\"text-align: justify;\"><span style=\"color: #800000;\"><strong>Latakia, 14 mar (SANA)\u00a0<\/strong><\/span> El gobernador de Latakia Mohammed Othman, acompa\u00f1ado por el miembro del Comit\u00e9 Supremo para la Paz Civil, Hassan Soufan, visit\u00f3 a la Sra. Um Ayman Rayhan, quien perdi\u00f3 a sus hijos en los recientes acontecimientos en la regi\u00f3n costera, para ofrecerle sus condolencias y apoyarla en estas dif\u00edciles circunstancias.<\/p>\n<p style=\"text-align: justify;\">Othman expres\u00f3 sus profundas condolencias y afirm\u00f3 el compromiso del gobierno de procesar a los responsables de los cr\u00edmenes ocurridos, brindar pleno apoyo a las familias de las v\u00edctimas y garantizar que incidentes tan dolorosos no se repitan en el futuro.<\/p>\n<p style=\"text-align: justify;\">Por su parte, Soufan destac\u00f3 los esfuerzos en curso para promover la paz civil en la regi\u00f3n, y enfatiz\u00f3 que esta fase requiere que todos trabajen juntos para restablecer la normalidad en la regi\u00f3n.<br \/>\nAgreg\u00f3 que la gobernaci\u00f3n contin\u00faa sus esfuerzos para restablecer la estabilidad y generar confianza entre todos los segmentos de la sociedad.<\/p>\n<div id='gallery-1' class='gallery galleryid-348588 gallery-columns-1 gallery-size-full'><figure class='gallery-item'>\n\t\t\t<div class='gallery-icon landscape'>\n\t\t\t\t<a href='https:\/\/archive.sana.sy\/es\/?attachment_id=348593'><img loading=\"lazy\" decoding=\"async\" width=\"660\" height=\"495\" src=\"https:\/\/archive.sana.sy\/es\/wp-content\/uploads\/2025\/03\/33-4.jpg\" class=\"attachment-full size-full\" alt=\"\" srcset=\"https:\/\/archive.sana.sy\/es\/wp-content\/uploads\/2025\/03\/33-4.jpg 660w, https:\/\/archive.sana.sy\/es\/wp-content\/uploads\/2025\/03\/33-4-300x225.jpg 300w, https:\/\/archive.sana.sy\/es\/wp-content\/uploads\/2025\/03\/33-4-150x113.jpg 150w\" sizes=\"(max-width: 660px) 100vw, 660px\" \/><\/a>\n\t\t\t<\/div><\/figure><figure class='gallery-item'>\n\t\t\t<div class='gallery-icon landscape'>\n\t\t\t\t<a href='https:\/\/archive.sana.sy\/es\/?attachment_id=348594'><img loading=\"lazy\" decoding=\"async\" width=\"660\" height=\"440\" src=\"https:\/\/archive.sana.sy\/es\/wp-content\/uploads\/2025\/03\/11-6.jpg\" class=\"attachment-full size-full\" alt=\"\" srcset=\"https:\/\/archive.sana.sy\/es\/wp-content\/uploads\/2025\/03\/11-6.jpg 660w, https:\/\/archive.sana.sy\/es\/wp-content\/uploads\/2025\/03\/11-6-300x200.jpg 300w, https:\/\/archive.sana.sy\/es\/wp-content\/uploads\/2025\/03\/11-6-150x100.jpg 150w\" sizes=\"(max-width: 660px) 100vw, 660px\" \/><\/a>\n\t\t\t<\/div><\/figure><figure class='gallery-item'>\n\t\t\t<div class='gallery-icon landscape'>\n\t\t\t\t<a href='https:\/\/archive.sana.sy\/es\/?attachment_id=348592'><img loading=\"lazy\" decoding=\"async\" width=\"660\" height=\"440\" src=\"https:\/\/archive.sana.sy\/es\/wp-content\/uploads\/2025\/03\/44-4.jpg\" class=\"attachment-full size-full\" alt=\"\" srcset=\"https:\/\/archive.sana.sy\/es\/wp-content\/uploads\/2025\/03\/44-4.jpg 660w, https:\/\/archive.sana.sy\/es\/wp-content\/uploads\/2025\/03\/44-4-300x200.jpg 300w, https:\/\/archive.sana.sy\/es\/wp-content\/uploads\/2025\/03\/44-4-150x100.jpg 150w\" sizes=\"(max-width: 660px) 100vw, 660px\" \/><\/a>\n\t\t\t<\/div><\/figure>\n\t\t<\/div>\n\n","protected":false},"excerpt":{"rendered":"<p>Latakia, 14 mar (SANA)\u00a0 El gobernador de Latakia Mohammed Othman, acompa\u00f1ado por el miembro del Comit\u00e9 Supremo para la Paz Civil, Hassan Soufan, visit\u00f3 a la Sra. Um Ayman Rayhan, quien perdi\u00f3 a sus hijos en los recientes acontecimientos en la regi\u00f3n costera, para ofrecerle sus condolencias y apoyarla en estas dif\u00edciles circunstancias. Othman expres\u00f3 &hellip;<\/p>\n","protected":false},"author":39,"featured_media":348589,"comment_status":"closed","ping_status":"closed","sticky":false,"template":"","format":"standard","meta":{"footnotes":""},"categories":[477,597,20724,476,7541],"tags":[],"class_list":["post-348588","post","type-post","status-publish","format-standard","has-post-thumbnail","","category-noticias-edulcorantes","category-cinta-de-noticias","category-minuto-a-minuto","category-locales","category-ultimas-noticias"],"_links":{"self":[{"href":"https:\/\/archive.sana.sy\/es\/index.php?rest_route=\/wp\/v2\/posts\/348588"}],"collection":[{"href":"https:\/\/archive.sana.sy\/es\/index.php?rest_route=\/wp\/v2\/posts"}],"about":[{"href":"https:\/\/archive.sana.sy\/es\/index.php?rest_route=\/wp\/v2\/types\/post"}],"author":[{"embeddable":true,"href":"https:\/\/archive.sana.sy\/es\/index.php?rest_route=\/wp\/v2\/users\/39"}],"replies":[{"embeddable":true,"href":"https:\/\/archive.sana.sy\/es\/index.php?rest_route=%2Fwp%2Fv2%2Fcomments&post=348588"}],"version-history":[{"count":3,"href":"https:\/\/archive.sana.sy\/es\/index.php?rest_route=\/wp\/v2\/posts\/348588\/revisions"}],"predecessor-version":[{"id":348595,"href":"https:\/\/archive.sana.sy\/es\/index.php?rest_route=\/wp\/v2\/posts\/348588\/revisions\/348595"}],"wp:featuredmedia":[{"embeddable":true,"href":"https:\/\/archive.sana.sy\/es\/index.php?rest_route=\/wp\/v2\/media\/348589"}],"wp:attachment":[{"href":"https:\/\/archive.sana.sy\/es\/index.php?rest_route=%2Fwp%2Fv2%2Fmedia&parent=348588"}],"wp:term":[{"taxonomy":"category","embeddable":true,"href":"https:\/\/archive.sana.sy\/es\/index.php?rest_route=%2Fwp%2Fv2%2Fcategories&post=348588"},{"taxonomy":"post_tag","embeddable":true,"href":"https:\/\/archive.sana.sy\/es\/index.php?rest_route=%2Fwp%2Fv2%2Ftags&post=348588"}],"curies":[{"name":"wp","href":"https:\/\/api.w.org\/{rel}","templated":true}]}}