{"id":34860,"date":"2015-12-09T14:50:26","date_gmt":"2015-12-09T12:50:26","guid":{"rendered":"http:\/\/www.sana.sy\/es\/?p=34860"},"modified":"2015-12-09T14:50:26","modified_gmt":"2015-12-09T12:50:26","slug":"moscu-propone-crear-una-amplia-coalicion-contra-el-terrorismo-en-torno-a-rusia","status":"publish","type":"post","link":"https:\/\/archive.sana.sy\/es\/?p=34860","title":{"rendered":"Mosc\u00fa propone crear una amplia coalici\u00f3n contra el terrorismo en torno a Rusia"},"content":{"rendered":"<p><span style=\"color: #800000\">Mosc\u00fa, SANA<\/span><\/p>\n<p>El canciller ruso, Sergu\u00e9i Lavrov, afirm\u00f3 &#8220;no se puede permitir que el Estado Isl\u00e1mico cree un Estado real&#8221;, se\u00f1alando que dicho grupo yihadista es &#8220;un enemigo absoluto de la humanidad&#8221;.<\/p>\n<p>En una entrevista concedida a medios italianos, Lavrov dijo que Rusia considera que muy factible realizar la tarea de crear una amplia coalici\u00f3n internacional contra el terrorismo propuesta por Mosc\u00fa, ya que &#8220;sin acci\u00f3n colectiva para suprimir la amenaza terrorista en Oriente Medio y \u00c1frica del Norte&#8221; es poco probable que se logre alcanzar alg\u00fan \u00e9xito.<\/p>\n<p>El canciller ruso indic\u00f3 que Rusia se muestra preocupada por los planes del Estado Isl\u00e1mico de crear una filial en la ciudad natal de Muammar Gaddafi en Libia, Sirte.<\/p>\n<p>Lavrov propuso la creaci\u00f3n de una amplia coalici\u00f3n contra el terrorismo en torno a la Federaci\u00f3n de Rusia, ya que solo Mosc\u00fa opera en Siria de manera leg\u00edtima.<br \/>\nFady M., Lynn A.<\/p>\n","protected":false},"excerpt":{"rendered":"<p>Mosc\u00fa, SANA El canciller ruso, Sergu\u00e9i Lavrov, afirm\u00f3 &#8220;no se puede permitir que el Estado Isl\u00e1mico cree un Estado real&#8221;, se\u00f1alando que dicho grupo yihadista es &#8220;un enemigo absoluto de la humanidad&#8221;. En una entrevista concedida a medios italianos, Lavrov dijo que Rusia considera que muy factible realizar la tarea de crear una amplia coalici\u00f3n &hellip;<\/p>\n","protected":false},"author":24,"featured_media":30686,"comment_status":"closed","ping_status":"closed","sticky":false,"template":"","format":"standard","meta":{"footnotes":""},"categories":[456,457],"tags":[],"class_list":["post-34860","post","type-post","status-publish","format-standard","has-post-thumbnail","","category-arabe-internacional-politica","category-noticias-arabe-internacional-politica"],"_links":{"self":[{"href":"https:\/\/archive.sana.sy\/es\/index.php?rest_route=\/wp\/v2\/posts\/34860"}],"collection":[{"href":"https:\/\/archive.sana.sy\/es\/index.php?rest_route=\/wp\/v2\/posts"}],"about":[{"href":"https:\/\/archive.sana.sy\/es\/index.php?rest_route=\/wp\/v2\/types\/post"}],"author":[{"embeddable":true,"href":"https:\/\/archive.sana.sy\/es\/index.php?rest_route=\/wp\/v2\/users\/24"}],"replies":[{"embeddable":true,"href":"https:\/\/archive.sana.sy\/es\/index.php?rest_route=%2Fwp%2Fv2%2Fcomments&post=34860"}],"version-history":[{"count":0,"href":"https:\/\/archive.sana.sy\/es\/index.php?rest_route=\/wp\/v2\/posts\/34860\/revisions"}],"wp:featuredmedia":[{"embeddable":true,"href":"https:\/\/archive.sana.sy\/es\/index.php?rest_route=\/wp\/v2\/media\/30686"}],"wp:attachment":[{"href":"https:\/\/archive.sana.sy\/es\/index.php?rest_route=%2Fwp%2Fv2%2Fmedia&parent=34860"}],"wp:term":[{"taxonomy":"category","embeddable":true,"href":"https:\/\/archive.sana.sy\/es\/index.php?rest_route=%2Fwp%2Fv2%2Fcategories&post=34860"},{"taxonomy":"post_tag","embeddable":true,"href":"https:\/\/archive.sana.sy\/es\/index.php?rest_route=%2Fwp%2Fv2%2Ftags&post=34860"}],"curies":[{"name":"wp","href":"https:\/\/api.w.org\/{rel}","templated":true}]}}