{"id":348632,"date":"2025-03-15T12:04:32","date_gmt":"2025-03-15T09:04:32","guid":{"rendered":"https:\/\/sana.sy\/es\/?p=348632"},"modified":"2025-03-15T12:04:32","modified_gmt":"2025-03-15T09:04:32","slug":"presidente-iraqui-recibe-a-canciller-de-siria","status":"publish","type":"post","link":"https:\/\/archive.sana.sy\/es\/?p=348632","title":{"rendered":"Presidente iraqu\u00ed recibe a Canciller de Siria"},"content":{"rendered":"<p style=\"text-align: justify;\"><span style=\"color: #800000;\">Bagdad, mar (SANA)<\/span> El presidente iraqu\u00ed, Abdul Latif Rashid, recibi\u00f3 en Bagdad, al ministro sirio de Asuntos Exteriores, Asaad Al-Sheibani, con quien abord\u00f3 las relaciones bilaterales entre Iraq y Siria, y las formas de fortalecerlas.<\/p>\n<p style=\"text-align: justify;\">La oficina de prensa del presidente iraqu\u00ed inform\u00f3 en un comunicado difundido por la Agencia de Noticias Iraqu\u00ed (INA), que &#8220;durante la reuni\u00f3n, celebrada en el Palacio de la Paz, en presencia del ministro de Asuntos Exteriores iraqu\u00ed, Fuad Hussein, ambas partes abordaron las relaciones bilaterales y la evoluci\u00f3n actual de los acontecimientos en la regi\u00f3n&#8221;.<\/p>\n<p style=\"text-align: justify;\">\n","protected":false},"excerpt":{"rendered":"<p>Bagdad, mar (SANA) El presidente iraqu\u00ed, Abdul Latif Rashid, recibi\u00f3 en Bagdad, al ministro sirio de Asuntos Exteriores, Asaad Al-Sheibani, con quien abord\u00f3 las relaciones bilaterales entre Iraq y Siria, y las formas de fortalecerlas. La oficina de prensa del presidente iraqu\u00ed inform\u00f3 en un comunicado difundido por la Agencia de Noticias Iraqu\u00ed (INA), que &hellip;<\/p>\n","protected":false},"author":32,"featured_media":348633,"comment_status":"closed","ping_status":"closed","sticky":false,"template":"","format":"standard","meta":{"footnotes":""},"categories":[597,20724,467,7541],"tags":[],"class_list":["post-348632","post","type-post","status-publish","format-standard","has-post-thumbnail","","category-cinta-de-noticias","category-minuto-a-minuto","category-siria-y-el-mundo","category-ultimas-noticias"],"_links":{"self":[{"href":"https:\/\/archive.sana.sy\/es\/index.php?rest_route=\/wp\/v2\/posts\/348632"}],"collection":[{"href":"https:\/\/archive.sana.sy\/es\/index.php?rest_route=\/wp\/v2\/posts"}],"about":[{"href":"https:\/\/archive.sana.sy\/es\/index.php?rest_route=\/wp\/v2\/types\/post"}],"author":[{"embeddable":true,"href":"https:\/\/archive.sana.sy\/es\/index.php?rest_route=\/wp\/v2\/users\/32"}],"replies":[{"embeddable":true,"href":"https:\/\/archive.sana.sy\/es\/index.php?rest_route=%2Fwp%2Fv2%2Fcomments&post=348632"}],"version-history":[{"count":1,"href":"https:\/\/archive.sana.sy\/es\/index.php?rest_route=\/wp\/v2\/posts\/348632\/revisions"}],"predecessor-version":[{"id":348634,"href":"https:\/\/archive.sana.sy\/es\/index.php?rest_route=\/wp\/v2\/posts\/348632\/revisions\/348634"}],"wp:featuredmedia":[{"embeddable":true,"href":"https:\/\/archive.sana.sy\/es\/index.php?rest_route=\/wp\/v2\/media\/348633"}],"wp:attachment":[{"href":"https:\/\/archive.sana.sy\/es\/index.php?rest_route=%2Fwp%2Fv2%2Fmedia&parent=348632"}],"wp:term":[{"taxonomy":"category","embeddable":true,"href":"https:\/\/archive.sana.sy\/es\/index.php?rest_route=%2Fwp%2Fv2%2Fcategories&post=348632"},{"taxonomy":"post_tag","embeddable":true,"href":"https:\/\/archive.sana.sy\/es\/index.php?rest_route=%2Fwp%2Fv2%2Ftags&post=348632"}],"curies":[{"name":"wp","href":"https:\/\/api.w.org\/{rel}","templated":true}]}}