{"id":34865,"date":"2015-12-09T11:54:36","date_gmt":"2015-12-09T09:54:36","guid":{"rendered":"http:\/\/www.sana.sy\/es\/?p=34865"},"modified":"2015-12-09T14:58:50","modified_gmt":"2015-12-09T12:58:50","slug":"bagdad-considerara-como-acto-de-agresion-al-envio-de-tropas-extranjeras-terrestres-a-irak","status":"publish","type":"post","link":"https:\/\/archive.sana.sy\/es\/?p=34865","title":{"rendered":"Bagdad considerar\u00e1 como acto de agresi\u00f3n al env\u00edo de tropas extranjeras terrestres a Irak"},"content":{"rendered":"<p><span style=\"color: #800000\">Bagdad, SANA<\/span><\/p>\n<p>El primer ministro iraqu\u00ed, Haider al-Abadi, reiter\u00f3 en una conversaci\u00f3n telef\u00f3nica con el Secretario General de la OTAN, Jens Stoltenberg, el rechazo de su pa\u00eds a cualquier presencia de tropas turcas sobre territorio iraqu\u00ed.<\/p>\n<p>En un comunicado, la oficina de al-Abadi inform\u00f3 que Stoltenberg subray\u00f3 al Primer Ministro iraqu\u00ed que la OTAN est\u00e1 muy interesado en la soberan\u00eda de Irak e informar\u00e1 a los Estados miembros al respecto, y tambi\u00e9n entregar\u00e1 a las autoridades turcas las preocupaciones de Irak, haciendo hincapi\u00e9 en la importancia de encontrar una soluci\u00f3n diplom\u00e1tica a la crisis actual.<\/p>\n<p>El primer ministro iraqu\u00ed tambi\u00e9n reiter\u00f3 a trav\u00e9s de una llamada telef\u00f3nica similar que recibi\u00f3 del presidente de la regi\u00f3n del Kurdist\u00e1n, Massoud Barzani, el rechazo a la entrada de tropas turcas sin el conocimiento o consentimiento del gobierno iraqu\u00ed, destacando que dichas tropas deber\u00edan la retirada de inmediato con su demanda de una posici\u00f3n clara de la soberan\u00eda de Irak que no son sin concesiones.&#8221;<\/p>\n<p>&nbsp;<br \/>\nFady M., Lynn A.<\/p>\n","protected":false},"excerpt":{"rendered":"<p>Bagdad, SANA El primer ministro iraqu\u00ed, Haider al-Abadi, reiter\u00f3 en una conversaci\u00f3n telef\u00f3nica con el Secretario General de la OTAN, Jens Stoltenberg, el rechazo de su pa\u00eds a cualquier presencia de tropas turcas sobre territorio iraqu\u00ed. En un comunicado, la oficina de al-Abadi inform\u00f3 que Stoltenberg subray\u00f3 al Primer Ministro iraqu\u00ed que la OTAN est\u00e1 &hellip;<\/p>\n","protected":false},"author":24,"featured_media":34866,"comment_status":"closed","ping_status":"closed","sticky":false,"template":"","format":"standard","meta":{"footnotes":""},"categories":[456,457],"tags":[],"class_list":["post-34865","post","type-post","status-publish","format-standard","has-post-thumbnail","","category-arabe-internacional-politica","category-noticias-arabe-internacional-politica"],"_links":{"self":[{"href":"https:\/\/archive.sana.sy\/es\/index.php?rest_route=\/wp\/v2\/posts\/34865"}],"collection":[{"href":"https:\/\/archive.sana.sy\/es\/index.php?rest_route=\/wp\/v2\/posts"}],"about":[{"href":"https:\/\/archive.sana.sy\/es\/index.php?rest_route=\/wp\/v2\/types\/post"}],"author":[{"embeddable":true,"href":"https:\/\/archive.sana.sy\/es\/index.php?rest_route=\/wp\/v2\/users\/24"}],"replies":[{"embeddable":true,"href":"https:\/\/archive.sana.sy\/es\/index.php?rest_route=%2Fwp%2Fv2%2Fcomments&post=34865"}],"version-history":[{"count":0,"href":"https:\/\/archive.sana.sy\/es\/index.php?rest_route=\/wp\/v2\/posts\/34865\/revisions"}],"wp:featuredmedia":[{"embeddable":true,"href":"https:\/\/archive.sana.sy\/es\/index.php?rest_route=\/wp\/v2\/media\/34866"}],"wp:attachment":[{"href":"https:\/\/archive.sana.sy\/es\/index.php?rest_route=%2Fwp%2Fv2%2Fmedia&parent=34865"}],"wp:term":[{"taxonomy":"category","embeddable":true,"href":"https:\/\/archive.sana.sy\/es\/index.php?rest_route=%2Fwp%2Fv2%2Fcategories&post=34865"},{"taxonomy":"post_tag","embeddable":true,"href":"https:\/\/archive.sana.sy\/es\/index.php?rest_route=%2Fwp%2Fv2%2Ftags&post=34865"}],"curies":[{"name":"wp","href":"https:\/\/api.w.org\/{rel}","templated":true}]}}