{"id":34868,"date":"2015-12-08T11:30:13","date_gmt":"2015-12-08T09:30:13","guid":{"rendered":"http:\/\/www.sana.sy\/es\/?p=34868"},"modified":"2015-12-09T15:03:05","modified_gmt":"2015-12-09T13:03:05","slug":"con-la-participacion-de-siria-continuan-en-moscu-las-labores-del-foro-de-periodistas-de-paises-musulmanes-contra-el-extremismo","status":"publish","type":"post","link":"https:\/\/archive.sana.sy\/es\/?p=34868","title":{"rendered":"Con la participaci\u00f3n de Siria, contin\u00faan en Mosc\u00fa las labores del Foro de Periodistas de Pa\u00edses Musulmanes contra el Extremismo"},"content":{"rendered":"<p><span style=\"color: #800000\">Mosc\u00fa, SANA<\/span><\/p>\n<p>Se inaugur\u00f3 el martes en la capital rusa Mosc\u00fa, el Foro de Periodistas de Pa\u00edses Musulmanes contra el Extremismo, con la participaci\u00f3n de una delegaci\u00f3n siria encabezada por Ahmad Dawa, Director General de la Agencia \u00c1rabe Siria de Noticias (SANA).<\/p>\n<p>El Foro es organizado por el grupo &#8220;Visi\u00f3n Estrat\u00e9gica, Rusia y el Mundo musulm\u00e1n&#8221; y abordar\u00e1 la coordinaci\u00f3n de acciones conjuntas de los periodistas en la lucha contra el terrorismo.<\/p>\n<p>Asisti\u00f3 a la ceremonia de inauguraci\u00f3n del Foro, el Representante Especial del Presidente de Rusia para asuntos de Oriente Medio y Norte de \u00c1frica, el vicecanciller Mija\u00edl Bogd\u00e1nov, quien dijo en el discurso de apertura que &#8220;el Foro es de particular importancia en vista de los brutales cr\u00edmenes que est\u00e1 cometiendo la organizaci\u00f3n terrorista del EI y otros grupos terroristas.&#8221;<\/p>\n<p>Bogdanov dijo que el presidente Vladimir Putin present\u00f3 una propuesta para formar una alianza internacional unificada para combatir el terrorismo y reiter\u00f3 en varias ocasiones que la lucha contra este mal requiere esfuerzos concertados de la comunidad internacional&#8221;.<\/p>\n<p>El diplom\u00e1tico ruso llam\u00f3 a los periodistas participantes en el foro, a unir esfuerzos en la lucha contra el extremismo y el terrorismo.<\/p>\n<p>Por su parte, el Director General de la Agencia Siria de Noticias (SANA), Ahmed Dawa, dijo que &#8220;las causas del terrorismo es el extremismo religioso, la pobreza y algunas otras razones, pero el principal problema que surgi\u00f3 en los \u00faltimos diez a\u00f1os consiste en los inversores en el terrorismo y en la escalada de los actos terroristas.&#8221;<\/p>\n<p>Dawa denunci\u00f3 que hay pa\u00edses en la regi\u00f3n que declaran abiertamente su apoyo a las organizaciones terroristas y hay cadenas televisivas famosas y conocidas, que juegan el papel de cubrir los actos de las organizaciones terroristas en Siria<br \/>\nPor su parte, los participantes hicieron hincapi\u00e9 en que el Foro est\u00e1 dedicado a la lucha contra los grupos que quieren interrumpir el progreso de la raza humana, se\u00f1alando que el principal objetivo es la defensa de la raz\u00f3n que puede contrarrestar la estrategia de lucha contra el terrorismo.<\/p>\n<p>Participan en el evento representantes de varios pa\u00edses isl\u00e1micos y numerosas personalidades pol\u00edticas y sociales de Rusia.<br \/>\nFady M.,Lynn A.<\/p>\n","protected":false},"excerpt":{"rendered":"<p>Mosc\u00fa, SANA Se inaugur\u00f3 el martes en la capital rusa Mosc\u00fa, el Foro de Periodistas de Pa\u00edses Musulmanes contra el Extremismo, con la participaci\u00f3n de una delegaci\u00f3n siria encabezada por Ahmad Dawa, Director General de la Agencia \u00c1rabe Siria de Noticias (SANA). El Foro es organizado por el grupo &#8220;Visi\u00f3n Estrat\u00e9gica, Rusia y el Mundo &hellip;<\/p>\n","protected":false},"author":24,"featured_media":34869,"comment_status":"closed","ping_status":"closed","sticky":false,"template":"","format":"standard","meta":{"footnotes":""},"categories":[467],"tags":[],"class_list":["post-34868","post","type-post","status-publish","format-standard","has-post-thumbnail","","category-siria-y-el-mundo"],"_links":{"self":[{"href":"https:\/\/archive.sana.sy\/es\/index.php?rest_route=\/wp\/v2\/posts\/34868"}],"collection":[{"href":"https:\/\/archive.sana.sy\/es\/index.php?rest_route=\/wp\/v2\/posts"}],"about":[{"href":"https:\/\/archive.sana.sy\/es\/index.php?rest_route=\/wp\/v2\/types\/post"}],"author":[{"embeddable":true,"href":"https:\/\/archive.sana.sy\/es\/index.php?rest_route=\/wp\/v2\/users\/24"}],"replies":[{"embeddable":true,"href":"https:\/\/archive.sana.sy\/es\/index.php?rest_route=%2Fwp%2Fv2%2Fcomments&post=34868"}],"version-history":[{"count":0,"href":"https:\/\/archive.sana.sy\/es\/index.php?rest_route=\/wp\/v2\/posts\/34868\/revisions"}],"wp:featuredmedia":[{"embeddable":true,"href":"https:\/\/archive.sana.sy\/es\/index.php?rest_route=\/wp\/v2\/media\/34869"}],"wp:attachment":[{"href":"https:\/\/archive.sana.sy\/es\/index.php?rest_route=%2Fwp%2Fv2%2Fmedia&parent=34868"}],"wp:term":[{"taxonomy":"category","embeddable":true,"href":"https:\/\/archive.sana.sy\/es\/index.php?rest_route=%2Fwp%2Fv2%2Fcategories&post=34868"},{"taxonomy":"post_tag","embeddable":true,"href":"https:\/\/archive.sana.sy\/es\/index.php?rest_route=%2Fwp%2Fv2%2Ftags&post=34868"}],"curies":[{"name":"wp","href":"https:\/\/api.w.org\/{rel}","templated":true}]}}