{"id":34873,"date":"2015-12-08T21:07:36","date_gmt":"2015-12-08T19:07:36","guid":{"rendered":"http:\/\/www.sana.sy\/es\/?p=34873"},"modified":"2015-12-09T15:08:55","modified_gmt":"2015-12-09T13:08:55","slug":"putin-rusia-nunca-ha-esperado-un-vil-golpe-y-una-punalada-por-la-espalda-de-turquia","status":"publish","type":"post","link":"https:\/\/archive.sana.sy\/es\/?p=34873","title":{"rendered":"Putin: Rusia nunca ha esperado un vil golpe y una pu\u00f1alada por la espalda de Turqu\u00eda"},"content":{"rendered":"<p><span style=\"color: #800000\">Mosc\u00fa, SANA<\/span><\/p>\n<p>El presidente ruso, Vlad\u00edmir Putin, declar\u00f3 que su pa\u00eds no cambiar\u00e1 su postura respecto al derribo del bombardero Su-24 por Turqu\u00eda, tampoco cuando obtenga los datos del registrador de vuelo del aparato.<\/p>\n<p>Citado por la agencia rusa de noticias \u201cSputnik\u201d, Putin conform\u00f3 que la postura ante lo que hicieron las autoridades turcas no cambiar\u00e1, reiterando que Rusia nunca ha esperado &#8220;un vil golpe y una pu\u00f1alada por la espalda&#8221; de Turqu\u00eda.<\/p>\n<p>El presidente ruso pidi\u00f3 empezar a descifrar los datos del registrador en la presencia de especialistas extranjeros.<\/p>\n<p>Por su parte, Shoig\u00fa inform\u00f3 a Putin que las fuerzas rusas lograron liberar el territorio donde fue abatido uno de los pilotos del Su-24.<br \/>\nFady M., Lynn A.<\/p>\n","protected":false},"excerpt":{"rendered":"<p>Mosc\u00fa, SANA El presidente ruso, Vlad\u00edmir Putin, declar\u00f3 que su pa\u00eds no cambiar\u00e1 su postura respecto al derribo del bombardero Su-24 por Turqu\u00eda, tampoco cuando obtenga los datos del registrador de vuelo del aparato. Citado por la agencia rusa de noticias \u201cSputnik\u201d, Putin conform\u00f3 que la postura ante lo que hicieron las autoridades turcas no &hellip;<\/p>\n","protected":false},"author":24,"featured_media":0,"comment_status":"closed","ping_status":"closed","sticky":false,"template":"","format":"standard","meta":{"footnotes":""},"categories":[456,457],"tags":[],"class_list":["post-34873","post","type-post","status-publish","format-standard","","category-arabe-internacional-politica","category-noticias-arabe-internacional-politica"],"_links":{"self":[{"href":"https:\/\/archive.sana.sy\/es\/index.php?rest_route=\/wp\/v2\/posts\/34873"}],"collection":[{"href":"https:\/\/archive.sana.sy\/es\/index.php?rest_route=\/wp\/v2\/posts"}],"about":[{"href":"https:\/\/archive.sana.sy\/es\/index.php?rest_route=\/wp\/v2\/types\/post"}],"author":[{"embeddable":true,"href":"https:\/\/archive.sana.sy\/es\/index.php?rest_route=\/wp\/v2\/users\/24"}],"replies":[{"embeddable":true,"href":"https:\/\/archive.sana.sy\/es\/index.php?rest_route=%2Fwp%2Fv2%2Fcomments&post=34873"}],"version-history":[{"count":0,"href":"https:\/\/archive.sana.sy\/es\/index.php?rest_route=\/wp\/v2\/posts\/34873\/revisions"}],"wp:attachment":[{"href":"https:\/\/archive.sana.sy\/es\/index.php?rest_route=%2Fwp%2Fv2%2Fmedia&parent=34873"}],"wp:term":[{"taxonomy":"category","embeddable":true,"href":"https:\/\/archive.sana.sy\/es\/index.php?rest_route=%2Fwp%2Fv2%2Fcategories&post=34873"},{"taxonomy":"post_tag","embeddable":true,"href":"https:\/\/archive.sana.sy\/es\/index.php?rest_route=%2Fwp%2Fv2%2Ftags&post=34873"}],"curies":[{"name":"wp","href":"https:\/\/api.w.org\/{rel}","templated":true}]}}