{"id":348730,"date":"2025-03-16T11:57:26","date_gmt":"2025-03-16T08:57:26","guid":{"rendered":"https:\/\/sana.sy\/es\/?p=348730"},"modified":"2025-03-16T11:57:26","modified_gmt":"2025-03-16T08:57:26","slug":"cancilleria-agradece-iniciativa-qatari-de-suministrar-gas-a-siria","status":"publish","type":"post","link":"https:\/\/archive.sana.sy\/es\/?p=348730","title":{"rendered":"Canciller\u00eda agradece iniciativa qatar\u00ed de suministrar gas a Siria"},"content":{"rendered":"<p style=\"text-align: justify;\"><span style=\"color: #800000;\"><strong>Damasco, 16 mar (SANA) <\/strong><\/span>El Ministerio de Asuntos Exteriores y Expatriados expres\u00f3 su agradecimiento por la iniciativa del Estado de Qatar de suministrar gas a Siria a trav\u00e9s de Jordania.<\/p>\n<p style=\"text-align: justify;\">Esta iniciativa representa un paso crucial para satisfacer las necesidades energ\u00e9ticas urgentes y aliviar el sufrimiento que enfrenta el pueblo sirio, afirm\u00f3 la Canciller\u00eda en un comunicado publicado en su canal de Telegram.<\/p>\n<p style=\"text-align: justify;\">Agradeci\u00f3 a todas las partes implicadas en esta inciativa, incluido el Fondo de Qatar para el Desarrollo, el Ministerio de Energ\u00eda y Recursos Minerales del Reino Hachemita de Jordania y el Programa de las Naciones Unidas para el Desarrollo.<\/p>\n<p style=\"text-align: justify;\">El comunicado explic\u00f3 que el programa asegurar\u00e1 la generaci\u00f3n de 400 megavatios de electricidad por d\u00eda a trav\u00e9s de la central el\u00e9ctrica de Deir Ali cerca de Damasco, con planes de aumentar gradualmente la producci\u00f3n, y se distribuir\u00e1 a las ciudades sirias.<\/p>\n<p>&nbsp;<\/p>\n","protected":false},"excerpt":{"rendered":"<p>Damasco, 16 mar (SANA) El Ministerio de Asuntos Exteriores y Expatriados expres\u00f3 su agradecimiento por la iniciativa del Estado de Qatar de suministrar gas a Siria a trav\u00e9s de Jordania. Esta iniciativa representa un paso crucial para satisfacer las necesidades energ\u00e9ticas urgentes y aliviar el sufrimiento que enfrenta el pueblo sirio, afirm\u00f3 la Canciller\u00eda en &hellip;<\/p>\n","protected":false},"author":42,"featured_media":348731,"comment_status":"closed","ping_status":"closed","sticky":false,"template":"","format":"standard","meta":{"footnotes":""},"categories":[597,456,20724,467,7541],"tags":[],"class_list":["post-348730","post","type-post","status-publish","format-standard","has-post-thumbnail","","category-cinta-de-noticias","category-arabe-internacional-politica","category-minuto-a-minuto","category-siria-y-el-mundo","category-ultimas-noticias"],"_links":{"self":[{"href":"https:\/\/archive.sana.sy\/es\/index.php?rest_route=\/wp\/v2\/posts\/348730"}],"collection":[{"href":"https:\/\/archive.sana.sy\/es\/index.php?rest_route=\/wp\/v2\/posts"}],"about":[{"href":"https:\/\/archive.sana.sy\/es\/index.php?rest_route=\/wp\/v2\/types\/post"}],"author":[{"embeddable":true,"href":"https:\/\/archive.sana.sy\/es\/index.php?rest_route=\/wp\/v2\/users\/42"}],"replies":[{"embeddable":true,"href":"https:\/\/archive.sana.sy\/es\/index.php?rest_route=%2Fwp%2Fv2%2Fcomments&post=348730"}],"version-history":[{"count":1,"href":"https:\/\/archive.sana.sy\/es\/index.php?rest_route=\/wp\/v2\/posts\/348730\/revisions"}],"predecessor-version":[{"id":348732,"href":"https:\/\/archive.sana.sy\/es\/index.php?rest_route=\/wp\/v2\/posts\/348730\/revisions\/348732"}],"wp:featuredmedia":[{"embeddable":true,"href":"https:\/\/archive.sana.sy\/es\/index.php?rest_route=\/wp\/v2\/media\/348731"}],"wp:attachment":[{"href":"https:\/\/archive.sana.sy\/es\/index.php?rest_route=%2Fwp%2Fv2%2Fmedia&parent=348730"}],"wp:term":[{"taxonomy":"category","embeddable":true,"href":"https:\/\/archive.sana.sy\/es\/index.php?rest_route=%2Fwp%2Fv2%2Fcategories&post=348730"},{"taxonomy":"post_tag","embeddable":true,"href":"https:\/\/archive.sana.sy\/es\/index.php?rest_route=%2Fwp%2Fv2%2Ftags&post=348730"}],"curies":[{"name":"wp","href":"https:\/\/api.w.org\/{rel}","templated":true}]}}