{"id":348733,"date":"2025-03-16T14:12:34","date_gmt":"2025-03-16T11:12:34","guid":{"rendered":"https:\/\/sana.sy\/es\/?p=348733"},"modified":"2025-03-16T14:14:42","modified_gmt":"2025-03-16T11:14:42","slug":"comunidad-siria-en-francia-celebra-aniversario-de-la-revolucion","status":"publish","type":"post","link":"https:\/\/archive.sana.sy\/es\/?p=348733","title":{"rendered":"Comunidad siria en Francia celebra aniversario de la Revoluci\u00f3n"},"content":{"rendered":"<blockquote>\n<p style=\"text-align: justify;\"><strong><span style=\"color: #800000;\">Muchos manifestantes subrayaron la necesidad de que los sirios se adhieran a su unidad y preserven la cohesi\u00f3n, la soberan\u00eda y la independencia de su pa\u00eds.<\/span><\/strong><\/p>\n<\/blockquote>\n<p style=\"text-align: justify;\"><span style=\"color: #800000;\"><strong>Par\u00eds, 16 mar (SANA)\u00a0<\/strong><\/span> \u00a0La comunidad siria del norte de Francia organiz\u00f3 una manifestaci\u00f3n para conmemorar el 14\u00ba aniversario de la Revoluci\u00f3n Siria, y para manifestar el apoyo a la unidad y soberan\u00eda de Siria.<\/p>\n<p style=\"text-align: justify;\">Seg\u00fan France Info Radio, la manifestaci\u00f3n se celebr\u00f3 frente a la \u00d3pera de Lille, donde los participantes portaron pancartas y corearon consignas que exigen el levantamiento de todas las sanciones impuestas a Siria y la acci\u00f3n colectiva para preservar su unidad, soberan\u00eda e independencia.<\/p>\n<p style=\"text-align: justify;\">Marwan Al-Dandashi, miembro del consejo municipal de Lille quien particip\u00f3 en la manifestaci\u00f3n, dijo que &#8220;el mensaje principal que queremos enviar es mostrar que Siria es una e indivisible\u201d y pidi\u00f3 m\u00e1s ayuda y apoyo para el pueblo sirio.<\/p>\n<p style=\"text-align: justify;\">Muchos manifestantes subrayaron la necesidad de que los sirios se adhieran a su unidad y preserven la cohesi\u00f3n, la soberan\u00eda y la independencia de su pa\u00eds.<\/p>\n","protected":false},"excerpt":{"rendered":"<p>Muchos manifestantes subrayaron la necesidad de que los sirios se adhieran a su unidad y preserven la cohesi\u00f3n, la soberan\u00eda y la independencia de su pa\u00eds. Par\u00eds, 16 mar (SANA)\u00a0 \u00a0La comunidad siria del norte de Francia organiz\u00f3 una manifestaci\u00f3n para conmemorar el 14\u00ba aniversario de la Revoluci\u00f3n Siria, y para manifestar el apoyo a &hellip;<\/p>\n","protected":false},"author":35,"featured_media":348735,"comment_status":"closed","ping_status":"closed","sticky":false,"template":"","format":"standard","meta":{"footnotes":""},"categories":[597,456,16687,20724,467,7541],"tags":[],"class_list":["post-348733","post","type-post","status-publish","format-standard","has-post-thumbnail","","category-cinta-de-noticias","category-arabe-internacional-politica","category-internacionales","category-minuto-a-minuto","category-siria-y-el-mundo","category-ultimas-noticias"],"_links":{"self":[{"href":"https:\/\/archive.sana.sy\/es\/index.php?rest_route=\/wp\/v2\/posts\/348733"}],"collection":[{"href":"https:\/\/archive.sana.sy\/es\/index.php?rest_route=\/wp\/v2\/posts"}],"about":[{"href":"https:\/\/archive.sana.sy\/es\/index.php?rest_route=\/wp\/v2\/types\/post"}],"author":[{"embeddable":true,"href":"https:\/\/archive.sana.sy\/es\/index.php?rest_route=\/wp\/v2\/users\/35"}],"replies":[{"embeddable":true,"href":"https:\/\/archive.sana.sy\/es\/index.php?rest_route=%2Fwp%2Fv2%2Fcomments&post=348733"}],"version-history":[{"count":2,"href":"https:\/\/archive.sana.sy\/es\/index.php?rest_route=\/wp\/v2\/posts\/348733\/revisions"}],"predecessor-version":[{"id":348736,"href":"https:\/\/archive.sana.sy\/es\/index.php?rest_route=\/wp\/v2\/posts\/348733\/revisions\/348736"}],"wp:featuredmedia":[{"embeddable":true,"href":"https:\/\/archive.sana.sy\/es\/index.php?rest_route=\/wp\/v2\/media\/348735"}],"wp:attachment":[{"href":"https:\/\/archive.sana.sy\/es\/index.php?rest_route=%2Fwp%2Fv2%2Fmedia&parent=348733"}],"wp:term":[{"taxonomy":"category","embeddable":true,"href":"https:\/\/archive.sana.sy\/es\/index.php?rest_route=%2Fwp%2Fv2%2Fcategories&post=348733"},{"taxonomy":"post_tag","embeddable":true,"href":"https:\/\/archive.sana.sy\/es\/index.php?rest_route=%2Fwp%2Fv2%2Ftags&post=348733"}],"curies":[{"name":"wp","href":"https:\/\/api.w.org\/{rel}","templated":true}]}}