{"id":348737,"date":"2025-03-16T15:39:08","date_gmt":"2025-03-16T12:39:08","guid":{"rendered":"https:\/\/sana.sy\/es\/?p=348737"},"modified":"2025-03-16T19:45:59","modified_gmt":"2025-03-16T16:45:59","slug":"las-onu-se-opone-a-la-presencia-militar-israeli-en-la-zona-de-amortiguacion-entre-siria-y-el-golan-ocupado","status":"publish","type":"post","link":"https:\/\/archive.sana.sy\/es\/?p=348737","title":{"rendered":"Las ONU se opone a la presencia militar israel\u00ed en la zona de amortiguaci\u00f3n entre Siria y el Gol\u00e1n ocupado"},"content":{"rendered":"<p style=\"text-align: justify;\"><span style=\"color: #800000;\"><strong>Pek\u00edn, 16 mar (SANA)\u00a0\u00a0<\/strong> <\/span>La Organizaci\u00f3n de Naciones Unidas (ONU) inst\u00f3 a la entidad de ocupaci\u00f3n israel\u00ed a poner fin a su presencia militar en la zona de amortiguaci\u00f3n entre Siria y el Gol\u00e1n sirio ocupado, y a respetar el Acuerdo de Separaci\u00f3n de Fuerzas de 1974.<\/p>\n<p style=\"text-align: justify;\">\u201cEl acuerdo de retirada de 1974 entre la Rep\u00fablica \u00c1rabe Siria e Israel debe respetarse e implementarse porque, en definitiva, lo que queremos y lo que nuestra misi\u00f3n en la regi\u00f3n requiere, es mantener la paz y la estabilidad all\u00ed\u201d, dijo Jean-Pierre Lacroix, el subsecretario General de la ONU para Operaciones de Mantenimiento de la Paz, en una entrevista exclusiva con la cadena estatal china CCTV en la sede de la ONU en Nueva York.<\/p>\n<p style=\"text-align: justify;\">La presencia de fuerzas israel\u00edes en la llamada zona de amortiguaci\u00f3n es temporal, seg\u00fan diversas insinuaciones y signos que hemos recibido de nuestros hom\u00f3logos israel\u00edes en diversas ocasiones. Obviamente, esperamos que esta presencia se cancele y termine en alg\u00fan momento, ya que, seg\u00fan el acuerdo y la resoluci\u00f3n del Consejo de Seguridad, esta zona de amortiguaci\u00f3n es un \u00e1rea donde la presencia militar se limita a la Fuerza de las Naciones Unidas de Observaci\u00f3n de la Separaci\u00f3n (FNUOS), a\u00f1adi\u00f3.<\/p>\n<p style=\"text-align: justify;\">Seg\u00fan Lacroix, el objetivo es que la situaci\u00f3n vuelva a ser como antes, en plena conformidad con las resoluciones del Consejo de Seguridad.<\/p>\n<p style=\"text-align: justify;\">Las declaraciones de Lacroix se produjeron despu\u00e9s de que el ministro de Defensa israel\u00ed, Israel Katz, dijera el martes pasado, que sus fuerzas estaban preparadas para permanecer en Siria durante un per\u00edodo indefinido hasta que toda la zona de amortiguaci\u00f3n fuera desmilitarizada.<\/p>\n","protected":false},"excerpt":{"rendered":"<p>Pek\u00edn, 16 mar (SANA)\u00a0\u00a0 La Organizaci\u00f3n de Naciones Unidas (ONU) inst\u00f3 a la entidad de ocupaci\u00f3n israel\u00ed a poner fin a su presencia militar en la zona de amortiguaci\u00f3n entre Siria y el Gol\u00e1n sirio ocupado, y a respetar el Acuerdo de Separaci\u00f3n de Fuerzas de 1974. \u201cEl acuerdo de retirada de 1974 entre la &hellip;<\/p>\n","protected":false},"author":42,"featured_media":348738,"comment_status":"closed","ping_status":"closed","sticky":false,"template":"","format":"standard","meta":{"footnotes":""},"categories":[477,447,597,467,7541],"tags":[],"class_list":["post-348737","post","type-post","status-publish","format-standard","has-post-thumbnail","","category-noticias-edulcorantes","category-local-politica","category-cinta-de-noticias","category-siria-y-el-mundo","category-ultimas-noticias"],"_links":{"self":[{"href":"https:\/\/archive.sana.sy\/es\/index.php?rest_route=\/wp\/v2\/posts\/348737"}],"collection":[{"href":"https:\/\/archive.sana.sy\/es\/index.php?rest_route=\/wp\/v2\/posts"}],"about":[{"href":"https:\/\/archive.sana.sy\/es\/index.php?rest_route=\/wp\/v2\/types\/post"}],"author":[{"embeddable":true,"href":"https:\/\/archive.sana.sy\/es\/index.php?rest_route=\/wp\/v2\/users\/42"}],"replies":[{"embeddable":true,"href":"https:\/\/archive.sana.sy\/es\/index.php?rest_route=%2Fwp%2Fv2%2Fcomments&post=348737"}],"version-history":[{"count":2,"href":"https:\/\/archive.sana.sy\/es\/index.php?rest_route=\/wp\/v2\/posts\/348737\/revisions"}],"predecessor-version":[{"id":348740,"href":"https:\/\/archive.sana.sy\/es\/index.php?rest_route=\/wp\/v2\/posts\/348737\/revisions\/348740"}],"wp:featuredmedia":[{"embeddable":true,"href":"https:\/\/archive.sana.sy\/es\/index.php?rest_route=\/wp\/v2\/media\/348738"}],"wp:attachment":[{"href":"https:\/\/archive.sana.sy\/es\/index.php?rest_route=%2Fwp%2Fv2%2Fmedia&parent=348737"}],"wp:term":[{"taxonomy":"category","embeddable":true,"href":"https:\/\/archive.sana.sy\/es\/index.php?rest_route=%2Fwp%2Fv2%2Fcategories&post=348737"},{"taxonomy":"post_tag","embeddable":true,"href":"https:\/\/archive.sana.sy\/es\/index.php?rest_route=%2Fwp%2Fv2%2Ftags&post=348737"}],"curies":[{"name":"wp","href":"https:\/\/api.w.org\/{rel}","templated":true}]}}