{"id":348741,"date":"2025-03-16T19:47:25","date_gmt":"2025-03-16T16:47:25","guid":{"rendered":"https:\/\/sana.sy\/es\/?p=348741"},"modified":"2025-03-16T19:47:25","modified_gmt":"2025-03-16T16:47:25","slug":"francia-busca-apoyar-la-estabilidad-hidrica-en-siria","status":"publish","type":"post","link":"https:\/\/archive.sana.sy\/es\/?p=348741","title":{"rendered":"Francia busca apoyar la estabilidad h\u00eddrica en Siria"},"content":{"rendered":"<p style=\"text-align: justify;\"><span style=\"color: #800000;\"><strong>Damasco, 16 mar (SANA)<\/strong><\/span>\u00a0 El Ministro de Recursos H\u00eddricos, Osama Abu Zeid, abord\u00f3 con la Subdirectora Adjunta de Apoyo Humanitario y Estabilizaci\u00f3n del Ministerio de Asuntos Exteriores franc\u00e9s, Elisa Amoh, las formas de apoyar la estabilidad h\u00eddrica en Siria.<\/p>\n<p style=\"text-align: justify;\">Durante su reuni\u00f3n con la delegaci\u00f3n francesa, el titular sirio indic\u00f3 que los desaf\u00edos que enfrenta el sector del agua son significativos debido a la guerra y las deudas que dej\u00f3 el depuesto r\u00e9gimen en Siria.<\/p>\n<p style=\"text-align: justify;\">\u201cEl ministerio trabaja para superar estos desaf\u00edos y la prioridad actualmente es proporcionar la infraestructura necesaria para el retorno de los desplazadas a sus hogares\u201d, se\u00f1al\u00f3.<\/p>\n<p style=\"text-align: justify;\">El ministerio tambi\u00e9n busca aumentar las horas de suministro de electricidad para mejorar el funcionamiento de las centrales el\u00e9ctricas en las ciudades, detall\u00f3. \u200f<\/p>\n<p style=\"text-align: justify;\">Agreg\u00f3 que el ministerio trabaja con las autoridades competentes y la defensa civil para remover las minas abandonadas por el antiguo r\u00e9gimen en las l\u00edneas de combate, en los pozos y en las estaciones de recarga de pozos de agua.<\/p>\n<p style=\"text-align: justify;\">Tambi\u00e9n buscamos mejorar las relaciones con el pueblo franc\u00e9s e intercambiar las experiencias para lograr una mayor sostenibilidad de la labor de nuestras instituciones, de modo que puedan operar de forma independiente, destac\u00f3.<\/p>\n<p style=\"text-align: justify;\">A su vez, la parte francesa expres\u00f3 su aspiraci\u00f3n a levantar las sanciones restantes impuestas al pueblo sirio.<\/p>\n<p style=\"text-align: justify;\">\u201cFrancia ha apoyado la estabilidad del norte y el oeste de Siria desde 2012 con proyectos agr\u00edcolas, sanitarios y econ\u00f3micos, adem\u00e1s de apoyar la restauraci\u00f3n de bombas y plantas de tratamiento de agua, y los canales de riego, en cooperaci\u00f3n con la comunidad internacional\u201d, indic\u00f3.<\/p>\n","protected":false},"excerpt":{"rendered":"<p>Damasco, 16 mar (SANA)\u00a0 El Ministro de Recursos H\u00eddricos, Osama Abu Zeid, abord\u00f3 con la Subdirectora Adjunta de Apoyo Humanitario y Estabilizaci\u00f3n del Ministerio de Asuntos Exteriores franc\u00e9s, Elisa Amoh, las formas de apoyar la estabilidad h\u00eddrica en Siria. Durante su reuni\u00f3n con la delegaci\u00f3n francesa, el titular sirio indic\u00f3 que los desaf\u00edos que enfrenta &hellip;<\/p>\n","protected":false},"author":31,"featured_media":348742,"comment_status":"closed","ping_status":"closed","sticky":false,"template":"","format":"standard","meta":{"footnotes":""},"categories":[597,476,7541],"tags":[],"class_list":["post-348741","post","type-post","status-publish","format-standard","has-post-thumbnail","","category-cinta-de-noticias","category-locales","category-ultimas-noticias"],"_links":{"self":[{"href":"https:\/\/archive.sana.sy\/es\/index.php?rest_route=\/wp\/v2\/posts\/348741"}],"collection":[{"href":"https:\/\/archive.sana.sy\/es\/index.php?rest_route=\/wp\/v2\/posts"}],"about":[{"href":"https:\/\/archive.sana.sy\/es\/index.php?rest_route=\/wp\/v2\/types\/post"}],"author":[{"embeddable":true,"href":"https:\/\/archive.sana.sy\/es\/index.php?rest_route=\/wp\/v2\/users\/31"}],"replies":[{"embeddable":true,"href":"https:\/\/archive.sana.sy\/es\/index.php?rest_route=%2Fwp%2Fv2%2Fcomments&post=348741"}],"version-history":[{"count":1,"href":"https:\/\/archive.sana.sy\/es\/index.php?rest_route=\/wp\/v2\/posts\/348741\/revisions"}],"predecessor-version":[{"id":348743,"href":"https:\/\/archive.sana.sy\/es\/index.php?rest_route=\/wp\/v2\/posts\/348741\/revisions\/348743"}],"wp:featuredmedia":[{"embeddable":true,"href":"https:\/\/archive.sana.sy\/es\/index.php?rest_route=\/wp\/v2\/media\/348742"}],"wp:attachment":[{"href":"https:\/\/archive.sana.sy\/es\/index.php?rest_route=%2Fwp%2Fv2%2Fmedia&parent=348741"}],"wp:term":[{"taxonomy":"category","embeddable":true,"href":"https:\/\/archive.sana.sy\/es\/index.php?rest_route=%2Fwp%2Fv2%2Fcategories&post=348741"},{"taxonomy":"post_tag","embeddable":true,"href":"https:\/\/archive.sana.sy\/es\/index.php?rest_route=%2Fwp%2Fv2%2Ftags&post=348741"}],"curies":[{"name":"wp","href":"https:\/\/api.w.org\/{rel}","templated":true}]}}