{"id":348744,"date":"2025-03-17T12:01:24","date_gmt":"2025-03-17T09:01:24","guid":{"rendered":"https:\/\/sana.sy\/es\/?p=348744"},"modified":"2025-03-17T09:44:10","modified_gmt":"2025-03-17T06:44:10","slug":"presidente-al-shara-sostiene-conversacion-telefonica-con-el-emir-de-qatar","status":"publish","type":"post","link":"https:\/\/archive.sana.sy\/es\/?p=348744","title":{"rendered":"Presidente Al-Shara sostiene conversaci\u00f3n telef\u00f3nica con el Emir de Qatar"},"content":{"rendered":"<p style=\"text-align: justify;\"><span style=\"color: #800000;\"><strong>Damasco, 17 mar (SANA)\u00a0<\/strong> <\/span>El presidente Ahmed Al-Shara mantuvo una conversaci\u00f3n telef\u00f3nica con Su Alteza el Jeque Tamim bin Hamad Al Thani, Emir del Estado de Qatar, durante la cual los dos repasaron las relaciones bilaterales entre los dos pa\u00edses y las formas de impulsarlas en diversos campos.<\/p>\n<p style=\"text-align: justify;\">Tambi\u00e9n, abordaron los \u00faltimos acontecimientos en Siria, y cuestiones regionales e internacionales de inter\u00e9s mutuo.<\/p>\n","protected":false},"excerpt":{"rendered":"<p>Damasco, 17 mar (SANA)\u00a0 El presidente Ahmed Al-Shara mantuvo una conversaci\u00f3n telef\u00f3nica con Su Alteza el Jeque Tamim bin Hamad Al Thani, Emir del Estado de Qatar, durante la cual los dos repasaron las relaciones bilaterales entre los dos pa\u00edses y las formas de impulsarlas en diversos campos. Tambi\u00e9n, abordaron los \u00faltimos acontecimientos en Siria, &hellip;<\/p>\n","protected":false},"author":34,"featured_media":348745,"comment_status":"closed","ping_status":"closed","sticky":false,"template":"","format":"standard","meta":{"footnotes":""},"categories":[447,477,597,20724,476,467,583],"tags":[],"class_list":["post-348744","post","type-post","status-publish","format-standard","has-post-thumbnail","","category-local-politica","category-noticias-edulcorantes","category-cinta-de-noticias","category-minuto-a-minuto","category-locales","category-siria-y-el-mundo","category-slide"],"_links":{"self":[{"href":"https:\/\/archive.sana.sy\/es\/index.php?rest_route=\/wp\/v2\/posts\/348744"}],"collection":[{"href":"https:\/\/archive.sana.sy\/es\/index.php?rest_route=\/wp\/v2\/posts"}],"about":[{"href":"https:\/\/archive.sana.sy\/es\/index.php?rest_route=\/wp\/v2\/types\/post"}],"author":[{"embeddable":true,"href":"https:\/\/archive.sana.sy\/es\/index.php?rest_route=\/wp\/v2\/users\/34"}],"replies":[{"embeddable":true,"href":"https:\/\/archive.sana.sy\/es\/index.php?rest_route=%2Fwp%2Fv2%2Fcomments&post=348744"}],"version-history":[{"count":1,"href":"https:\/\/archive.sana.sy\/es\/index.php?rest_route=\/wp\/v2\/posts\/348744\/revisions"}],"predecessor-version":[{"id":348746,"href":"https:\/\/archive.sana.sy\/es\/index.php?rest_route=\/wp\/v2\/posts\/348744\/revisions\/348746"}],"wp:featuredmedia":[{"embeddable":true,"href":"https:\/\/archive.sana.sy\/es\/index.php?rest_route=\/wp\/v2\/media\/348745"}],"wp:attachment":[{"href":"https:\/\/archive.sana.sy\/es\/index.php?rest_route=%2Fwp%2Fv2%2Fmedia&parent=348744"}],"wp:term":[{"taxonomy":"category","embeddable":true,"href":"https:\/\/archive.sana.sy\/es\/index.php?rest_route=%2Fwp%2Fv2%2Fcategories&post=348744"},{"taxonomy":"post_tag","embeddable":true,"href":"https:\/\/archive.sana.sy\/es\/index.php?rest_route=%2Fwp%2Fv2%2Ftags&post=348744"}],"curies":[{"name":"wp","href":"https:\/\/api.w.org\/{rel}","templated":true}]}}