{"id":34875,"date":"2015-12-09T09:09:16","date_gmt":"2015-12-09T07:09:16","guid":{"rendered":"http:\/\/www.sana.sy\/es\/?p=34875"},"modified":"2015-12-09T15:18:30","modified_gmt":"2015-12-09T13:18:30","slug":"regimen-turco-deporta-a-periodistas-rusos-que-investigaban-la-venta-de-petroleo-del-ei","status":"publish","type":"post","link":"https:\/\/archive.sana.sy\/es\/?p=34875","title":{"rendered":"R\u00e9gimen turco deporta a periodistas rusos que investigaban la venta de petr\u00f3leo del EI"},"content":{"rendered":"<p><span style=\"color: #800000\">Mosc\u00fa, SANA<\/span><\/p>\n<p>Un equipo de periodistas del canal ruso Rossiya 1 que lleg\u00f3 a Turqu\u00eda para investigar el negocio de la venta del petr\u00f3leo por el Estado Isl\u00e1mico fue interrogado y deportado del pa\u00eds.<\/p>\n<p>La Canciller\u00eda rusa expres\u00f3 su protesta por el caso y exigi\u00f3 explicaciones de Ankara.<\/p>\n<p>El periodista ruso Alex\u00e1nder Buzuladze afirm\u00f3 que su equipo lleg\u00f3 a Turqu\u00eda para rodar un reportaje sobre la situaci\u00f3n en la frontera entre Turqu\u00eda y Siria debido al gran n\u00famero de informes de que el Estado Isl\u00e1mico vende petr\u00f3leo de manera ilegal en el \u00e1rea, informa Interfax.<\/p>\n<p>Buzuladze dijo que despu\u00e9s de la detenci\u00f3n les tomaron una foto y las huellas digitales y fueron sometidos a un examen m\u00e9dico; m\u00e1s tarde les anunciaron que iban a ser deportados. Posteriormente las fuerzas de seguridad turcas acompa\u00f1aron a los periodistas hasta un avi\u00f3n.<\/p>\n<p>&nbsp;<\/p>\n<p>Fady M., Lynn A.<\/p>\n","protected":false},"excerpt":{"rendered":"<p>Mosc\u00fa, SANA Un equipo de periodistas del canal ruso Rossiya 1 que lleg\u00f3 a Turqu\u00eda para investigar el negocio de la venta del petr\u00f3leo por el Estado Isl\u00e1mico fue interrogado y deportado del pa\u00eds. La Canciller\u00eda rusa expres\u00f3 su protesta por el caso y exigi\u00f3 explicaciones de Ankara. El periodista ruso Alex\u00e1nder Buzuladze afirm\u00f3 que &hellip;<\/p>\n","protected":false},"author":24,"featured_media":16736,"comment_status":"closed","ping_status":"closed","sticky":false,"template":"","format":"standard","meta":{"footnotes":""},"categories":[456,457],"tags":[],"class_list":["post-34875","post","type-post","status-publish","format-standard","has-post-thumbnail","","category-arabe-internacional-politica","category-noticias-arabe-internacional-politica"],"_links":{"self":[{"href":"https:\/\/archive.sana.sy\/es\/index.php?rest_route=\/wp\/v2\/posts\/34875"}],"collection":[{"href":"https:\/\/archive.sana.sy\/es\/index.php?rest_route=\/wp\/v2\/posts"}],"about":[{"href":"https:\/\/archive.sana.sy\/es\/index.php?rest_route=\/wp\/v2\/types\/post"}],"author":[{"embeddable":true,"href":"https:\/\/archive.sana.sy\/es\/index.php?rest_route=\/wp\/v2\/users\/24"}],"replies":[{"embeddable":true,"href":"https:\/\/archive.sana.sy\/es\/index.php?rest_route=%2Fwp%2Fv2%2Fcomments&post=34875"}],"version-history":[{"count":0,"href":"https:\/\/archive.sana.sy\/es\/index.php?rest_route=\/wp\/v2\/posts\/34875\/revisions"}],"wp:featuredmedia":[{"embeddable":true,"href":"https:\/\/archive.sana.sy\/es\/index.php?rest_route=\/wp\/v2\/media\/16736"}],"wp:attachment":[{"href":"https:\/\/archive.sana.sy\/es\/index.php?rest_route=%2Fwp%2Fv2%2Fmedia&parent=34875"}],"wp:term":[{"taxonomy":"category","embeddable":true,"href":"https:\/\/archive.sana.sy\/es\/index.php?rest_route=%2Fwp%2Fv2%2Fcategories&post=34875"},{"taxonomy":"post_tag","embeddable":true,"href":"https:\/\/archive.sana.sy\/es\/index.php?rest_route=%2Fwp%2Fv2%2Ftags&post=34875"}],"curies":[{"name":"wp","href":"https:\/\/api.w.org\/{rel}","templated":true}]}}