{"id":348761,"date":"2025-03-17T13:36:40","date_gmt":"2025-03-17T10:36:40","guid":{"rendered":"https:\/\/sana.sy\/es\/?p=348761"},"modified":"2025-03-17T13:51:16","modified_gmt":"2025-03-17T10:51:16","slug":"alemania-donara-ayuda-a-siria-por-valor-de-300-millones-de-euros","status":"publish","type":"post","link":"https:\/\/archive.sana.sy\/es\/?p=348761","title":{"rendered":"Alemania donar\u00e1 ayuda a Siria por valor de 300 millones de euros"},"content":{"rendered":"<blockquote>\n<p style=\"text-align: justify;\"><strong><span style=\"color: #800000;\">La canciller alemana, Annalena Baerbock, declar\u00f3 que m\u00e1s de la mitad de estos fondos beneficiar\u00e1n al pueblo sirio y se destinar\u00e1n a proporcionar alimentos, servicios sanitarios y refugios de emergencia, adem\u00e1s de medidas de protecci\u00f3n para los grupos m\u00e1s vulnerables<\/span><\/strong><\/p>\n<\/blockquote>\n<p style=\"text-align: justify;\"><span style=\"color: #800000;\"><strong>Berl\u00edn, 17 mar (SANA)\u00a0<\/strong><\/span> \u00a0El gobierno alem\u00e1n anunci\u00f3 que proporcionar\u00e1 nueva ayuda a Siria por valor de 300 millones de euros, a trav\u00e9s de la organizaci\u00f3n de Naciones Unidas (ONU) y otras organizaciones.<\/p>\n<p style=\"text-align: justify;\">La canciller alemana, Annalena Baerbock, declar\u00f3 que m\u00e1s de la mitad de estos fondos beneficiar\u00e1n al pueblo sirio y se destinar\u00e1n a proporcionar alimentos, servicios sanitarios y refugios de emergencia, adem\u00e1s de medidas de protecci\u00f3n para los grupos m\u00e1s vulnerables.<\/p>\n<p style=\"text-align: justify;\">Este apoyo tambi\u00e9n incluir\u00e1 a los refugiados sirios y las comunidades anfitrionas en Jordania, L\u00edbano, Irak y Turqu\u00eda, agreg\u00f3.<\/p>\n","protected":false},"excerpt":{"rendered":"<p>La canciller alemana, Annalena Baerbock, declar\u00f3 que m\u00e1s de la mitad de estos fondos beneficiar\u00e1n al pueblo sirio y se destinar\u00e1n a proporcionar alimentos, servicios sanitarios y refugios de emergencia, adem\u00e1s de medidas de protecci\u00f3n para los grupos m\u00e1s vulnerables Berl\u00edn, 17 mar (SANA)\u00a0 \u00a0El gobierno alem\u00e1n anunci\u00f3 que proporcionar\u00e1 nueva ayuda a Siria por &hellip;<\/p>\n","protected":false},"author":35,"featured_media":348763,"comment_status":"closed","ping_status":"closed","sticky":false,"template":"","format":"standard","meta":{"footnotes":""},"categories":[597,456,20724,467,7541],"tags":[],"class_list":["post-348761","post","type-post","status-publish","format-standard","has-post-thumbnail","","category-cinta-de-noticias","category-arabe-internacional-politica","category-minuto-a-minuto","category-siria-y-el-mundo","category-ultimas-noticias"],"_links":{"self":[{"href":"https:\/\/archive.sana.sy\/es\/index.php?rest_route=\/wp\/v2\/posts\/348761"}],"collection":[{"href":"https:\/\/archive.sana.sy\/es\/index.php?rest_route=\/wp\/v2\/posts"}],"about":[{"href":"https:\/\/archive.sana.sy\/es\/index.php?rest_route=\/wp\/v2\/types\/post"}],"author":[{"embeddable":true,"href":"https:\/\/archive.sana.sy\/es\/index.php?rest_route=\/wp\/v2\/users\/35"}],"replies":[{"embeddable":true,"href":"https:\/\/archive.sana.sy\/es\/index.php?rest_route=%2Fwp%2Fv2%2Fcomments&post=348761"}],"version-history":[{"count":2,"href":"https:\/\/archive.sana.sy\/es\/index.php?rest_route=\/wp\/v2\/posts\/348761\/revisions"}],"predecessor-version":[{"id":348764,"href":"https:\/\/archive.sana.sy\/es\/index.php?rest_route=\/wp\/v2\/posts\/348761\/revisions\/348764"}],"wp:featuredmedia":[{"embeddable":true,"href":"https:\/\/archive.sana.sy\/es\/index.php?rest_route=\/wp\/v2\/media\/348763"}],"wp:attachment":[{"href":"https:\/\/archive.sana.sy\/es\/index.php?rest_route=%2Fwp%2Fv2%2Fmedia&parent=348761"}],"wp:term":[{"taxonomy":"category","embeddable":true,"href":"https:\/\/archive.sana.sy\/es\/index.php?rest_route=%2Fwp%2Fv2%2Fcategories&post=348761"},{"taxonomy":"post_tag","embeddable":true,"href":"https:\/\/archive.sana.sy\/es\/index.php?rest_route=%2Fwp%2Fv2%2Ftags&post=348761"}],"curies":[{"name":"wp","href":"https:\/\/api.w.org\/{rel}","templated":true}]}}