{"id":348765,"date":"2025-03-17T15:39:34","date_gmt":"2025-03-17T12:39:34","guid":{"rendered":"https:\/\/sana.sy\/es\/?p=348765"},"modified":"2025-03-17T15:39:34","modified_gmt":"2025-03-17T12:39:34","slug":"kallas-trabajamos-para-impulsar-los-esfuerzos-encaminados-a-levantar-sanciones-impuestas-a-siria","status":"publish","type":"post","link":"https:\/\/archive.sana.sy\/es\/?p=348765","title":{"rendered":"Kallas: Trabajamos para impulsar los esfuerzos encaminados a levantar sanciones impuestas a Siria"},"content":{"rendered":"<p style=\"text-align: justify;\"><span style=\"color: #800000;\"><strong>Bruselas, 17 mar (SANA)<\/strong><\/span>\u00a0 La jefa de pol\u00edtica exterior de la Uni\u00f3n Europea, Kaya Kallas, pidi\u00f3 que se avance en el levantamiento de las sanciones impuestas a Siria.<\/p>\n<p style=\"text-align: justify;\">&#8220;La Uni\u00f3n Europea debe brindar m\u00e1s apoyo a Siria, en cooperaci\u00f3n con sus socios regionales, y estamos trabajando para intensificar los esfuerzos para levantar las sanciones&#8221;, declar\u00f3 Kallas a los periodistas antes de la novena conferencia de donantes para Siria que se celebra hoy en Bruselas, inform\u00f3 la Agencia Anadolu.<\/p>\n<p style=\"text-align: justify;\">El funcionario europeo expres\u00f3 su profunda preocupaci\u00f3n por la violencia en la costa siria entre las fuerzas de seguridad y los remanentes del r\u00e9gimen de Al-Assad, y se\u00f1al\u00f3 que los ministros de Asuntos Exteriores de la UE discutir\u00e1n hoy los \u00faltimos acontecimientos en Siria.<\/p>\n","protected":false},"excerpt":{"rendered":"<p>Bruselas, 17 mar (SANA)\u00a0 La jefa de pol\u00edtica exterior de la Uni\u00f3n Europea, Kaya Kallas, pidi\u00f3 que se avance en el levantamiento de las sanciones impuestas a Siria. &#8220;La Uni\u00f3n Europea debe brindar m\u00e1s apoyo a Siria, en cooperaci\u00f3n con sus socios regionales, y estamos trabajando para intensificar los esfuerzos para levantar las sanciones&#8221;, declar\u00f3 &hellip;<\/p>\n","protected":false},"author":43,"featured_media":348766,"comment_status":"closed","ping_status":"closed","sticky":false,"template":"","format":"standard","meta":{"footnotes":""},"categories":[597,456,20724,467,7541],"tags":[],"class_list":["post-348765","post","type-post","status-publish","format-standard","has-post-thumbnail","","category-cinta-de-noticias","category-arabe-internacional-politica","category-minuto-a-minuto","category-siria-y-el-mundo","category-ultimas-noticias"],"_links":{"self":[{"href":"https:\/\/archive.sana.sy\/es\/index.php?rest_route=\/wp\/v2\/posts\/348765"}],"collection":[{"href":"https:\/\/archive.sana.sy\/es\/index.php?rest_route=\/wp\/v2\/posts"}],"about":[{"href":"https:\/\/archive.sana.sy\/es\/index.php?rest_route=\/wp\/v2\/types\/post"}],"author":[{"embeddable":true,"href":"https:\/\/archive.sana.sy\/es\/index.php?rest_route=\/wp\/v2\/users\/43"}],"replies":[{"embeddable":true,"href":"https:\/\/archive.sana.sy\/es\/index.php?rest_route=%2Fwp%2Fv2%2Fcomments&post=348765"}],"version-history":[{"count":1,"href":"https:\/\/archive.sana.sy\/es\/index.php?rest_route=\/wp\/v2\/posts\/348765\/revisions"}],"predecessor-version":[{"id":348767,"href":"https:\/\/archive.sana.sy\/es\/index.php?rest_route=\/wp\/v2\/posts\/348765\/revisions\/348767"}],"wp:featuredmedia":[{"embeddable":true,"href":"https:\/\/archive.sana.sy\/es\/index.php?rest_route=\/wp\/v2\/media\/348766"}],"wp:attachment":[{"href":"https:\/\/archive.sana.sy\/es\/index.php?rest_route=%2Fwp%2Fv2%2Fmedia&parent=348765"}],"wp:term":[{"taxonomy":"category","embeddable":true,"href":"https:\/\/archive.sana.sy\/es\/index.php?rest_route=%2Fwp%2Fv2%2Fcategories&post=348765"},{"taxonomy":"post_tag","embeddable":true,"href":"https:\/\/archive.sana.sy\/es\/index.php?rest_route=%2Fwp%2Fv2%2Ftags&post=348765"}],"curies":[{"name":"wp","href":"https:\/\/api.w.org\/{rel}","templated":true}]}}