{"id":348787,"date":"2025-03-17T19:52:26","date_gmt":"2025-03-17T16:52:26","guid":{"rendered":"https:\/\/sana.sy\/es\/?p=348787"},"modified":"2025-03-18T08:33:47","modified_gmt":"2025-03-18T05:33:47","slug":"puntos-claves-del-discurso-del-canciller-sirio-ante-la-ix-conferencia-de-donantes-para-siria-celebrada-en-bruselas","status":"publish","type":"post","link":"https:\/\/archive.sana.sy\/es\/?p=348787","title":{"rendered":"Puntos claves del discurso del Canciller sirio ante la IX Conferencia de Donantes para Siria, celebrada en Bruselas"},"content":{"rendered":"<p style=\"text-align: justify;\"><span style=\"color: #800000;\"><strong>Bruselas, 17 mar (SANA)<\/strong><\/span> El ministro de Asuntos Exteriores y Expatriados, Asaad al-Shaibani, durante la IX Conferencia de Donantes para Siria, celebrada en Bruselas, declar\u00f3 lo siguiente:<\/p>\n<p style=\"text-align: justify;\">&#x25aa;&#xfe0f; El pueblo sirio celebr\u00f3 su liberaci\u00f3n del r\u00e9gimen de Assad, pero su sufrimiento contin\u00faa a causa de este r\u00e9gimen.<\/p>\n<p style=\"text-align: justify;\">&#x25aa;&#xfe0f; La reuni\u00f3n de Bruselas es un deber moral ante la dif\u00edcil situaci\u00f3n en Siria y es una oportunidad real para fortalecer los esfuerzos internacionales para aliviar el sufrimiento del pueblo sirio.<\/p>\n<p style=\"text-align: justify;\">&#x25aa;&#xfe0f; La Conferencia de Donantes cuenta con una aut\u00e9ntica representaci\u00f3n siria, y nuestro pa\u00eds ha sido testigo de verdaderas transformaciones pol\u00edticas.<\/p>\n<p style=\"text-align: justify;\">&#x25aa;&#xfe0f;\u00a0 Los sirios no tolerar\u00e1n ninguna violaci\u00f3n de la soberan\u00eda y la unidad de su pa\u00eds, y el gobierno est\u00e1 trabajando para promover la reconciliaci\u00f3n y el di\u00e1logo nacional y proteger los derechos de todos sus ciudadanos.<\/p>\n<p style=\"text-align: justify;\">&#x25aa;&#xfe0f; El r\u00e9gimen anterior explot\u00f3 y abus\u00f3 del papel de las minor\u00edas, y no permitiremos que esto se vuelva a suceder, ya que nosotros creemos en la ciudadan\u00eda y la igualdad de derechos y deberes para todos los sirios.<\/p>\n<p style=\"text-align: justify;\">&#x25aa;&#xfe0f; Hay amenazas a la seguridad de Siria por parte del antiguo r\u00e9gimen y de las milicias en las fronteras, as\u00ed como por las incursiones israel\u00edes.<img loading=\"lazy\" decoding=\"async\" class=\"size-medium wp-image-348804 alignright\" src=\"http:\/\/sana.sy\/es\/wp-content\/uploads\/2025\/03\/photo_2025-03-17_20-00-16-3-1-300x169.jpg\" alt=\"\" width=\"300\" height=\"169\" srcset=\"https:\/\/archive.sana.sy\/es\/wp-content\/uploads\/2025\/03\/photo_2025-03-17_20-00-16-3-1-300x169.jpg 300w, https:\/\/archive.sana.sy\/es\/wp-content\/uploads\/2025\/03\/photo_2025-03-17_20-00-16-3-1-1024x576.jpg 1024w, https:\/\/archive.sana.sy\/es\/wp-content\/uploads\/2025\/03\/photo_2025-03-17_20-00-16-3-1-150x84.jpg 150w, https:\/\/archive.sana.sy\/es\/wp-content\/uploads\/2025\/03\/photo_2025-03-17_20-00-16-3-1-768x432.jpg 768w, https:\/\/archive.sana.sy\/es\/wp-content\/uploads\/2025\/03\/photo_2025-03-17_20-00-16-3-1.jpg 1280w\" sizes=\"(max-width: 300px) 100vw, 300px\" \/><\/p>\n<p style=\"text-align: justify;\">&#x25aa;&#xfe0f; Apreciamos las medidas positivas adoptadas por la Uni\u00f3n Europea, incluida la suspensi\u00f3n de algunas sanciones, sin embargo, estas medidas no han satisfecho las aspiraciones del pueblo sirio.<\/p>\n<p style=\"text-align: justify;\">&#x25aa;&#xfe0f; La continuaci\u00f3n de las sanciones significa que el pueblo sirio es el que est\u00e1 siendo castigado, y estas deben levantarse porque est\u00e1n impidiendo el renacimiento de Siria.<\/p>\n<p style=\"text-align: justify;\">&#x25aa;&#xfe0f; La reconstrucci\u00f3n de Siria no es s\u00f3lo una responsabilidad nacional, sino una responsabilidad de toda la comunidad internacional.<\/p>\n<p style=\"text-align: justify;\">&#x25aa;&#xfe0f; El gobierno sirio afirma su compromiso con socios en el trabajo humanitario para garantizar que la ayuda llegue a quienes la merecen.<\/p>\n<p style=\"text-align: justify;\">&#x25aa;&#xfe0f; Hacemos un llamamiento a todos los pa\u00edses donantes para que contribuyan eficazmente a los esfuerzos de reconstrucci\u00f3n en Siria y apoyen proyectos de desarrollo sostenible.<img loading=\"lazy\" decoding=\"async\" class=\"size-medium wp-image-348806 alignright\" src=\"http:\/\/sana.sy\/es\/wp-content\/uploads\/2025\/03\/photo_2025-03-17_20-00-16-1-300x143.jpg\" alt=\"\" width=\"300\" height=\"143\" srcset=\"https:\/\/archive.sana.sy\/es\/wp-content\/uploads\/2025\/03\/photo_2025-03-17_20-00-16-1-300x143.jpg 300w, https:\/\/archive.sana.sy\/es\/wp-content\/uploads\/2025\/03\/photo_2025-03-17_20-00-16-1-150x71.jpg 150w, https:\/\/archive.sana.sy\/es\/wp-content\/uploads\/2025\/03\/photo_2025-03-17_20-00-16-1.jpg 600w\" sizes=\"(max-width: 300px) 100vw, 300px\" \/><\/p>\n<p style=\"text-align: justify;\">&#x25aa;&#xfe0f; El retorno de los desplazados a su pa\u00eds requiere esfuerzos y contribuciones internacionales para revitalizar la econom\u00eda siria.<\/p>\n","protected":false},"excerpt":{"rendered":"<p>Bruselas, 17 mar (SANA) El ministro de Asuntos Exteriores y Expatriados, Asaad al-Shaibani, durante la IX Conferencia de Donantes para Siria, celebrada en Bruselas, declar\u00f3 lo siguiente: &#x25aa;&#xfe0f; El pueblo sirio celebr\u00f3 su liberaci\u00f3n del r\u00e9gimen de Assad, pero su sufrimiento contin\u00faa a causa de este r\u00e9gimen. &#x25aa;&#xfe0f; La reuni\u00f3n de Bruselas es un deber &hellip;<\/p>\n","protected":false},"author":43,"featured_media":348811,"comment_status":"closed","ping_status":"closed","sticky":false,"template":"","format":"standard","meta":{"footnotes":""},"categories":[597,456,20724,467,583],"tags":[],"class_list":["post-348787","post","type-post","status-publish","format-standard","has-post-thumbnail","","category-cinta-de-noticias","category-arabe-internacional-politica","category-minuto-a-minuto","category-siria-y-el-mundo","category-slide"],"_links":{"self":[{"href":"https:\/\/archive.sana.sy\/es\/index.php?rest_route=\/wp\/v2\/posts\/348787"}],"collection":[{"href":"https:\/\/archive.sana.sy\/es\/index.php?rest_route=\/wp\/v2\/posts"}],"about":[{"href":"https:\/\/archive.sana.sy\/es\/index.php?rest_route=\/wp\/v2\/types\/post"}],"author":[{"embeddable":true,"href":"https:\/\/archive.sana.sy\/es\/index.php?rest_route=\/wp\/v2\/users\/43"}],"replies":[{"embeddable":true,"href":"https:\/\/archive.sana.sy\/es\/index.php?rest_route=%2Fwp%2Fv2%2Fcomments&post=348787"}],"version-history":[{"count":3,"href":"https:\/\/archive.sana.sy\/es\/index.php?rest_route=\/wp\/v2\/posts\/348787\/revisions"}],"predecessor-version":[{"id":348807,"href":"https:\/\/archive.sana.sy\/es\/index.php?rest_route=\/wp\/v2\/posts\/348787\/revisions\/348807"}],"wp:featuredmedia":[{"embeddable":true,"href":"https:\/\/archive.sana.sy\/es\/index.php?rest_route=\/wp\/v2\/media\/348811"}],"wp:attachment":[{"href":"https:\/\/archive.sana.sy\/es\/index.php?rest_route=%2Fwp%2Fv2%2Fmedia&parent=348787"}],"wp:term":[{"taxonomy":"category","embeddable":true,"href":"https:\/\/archive.sana.sy\/es\/index.php?rest_route=%2Fwp%2Fv2%2Fcategories&post=348787"},{"taxonomy":"post_tag","embeddable":true,"href":"https:\/\/archive.sana.sy\/es\/index.php?rest_route=%2Fwp%2Fv2%2Ftags&post=348787"}],"curies":[{"name":"wp","href":"https:\/\/api.w.org\/{rel}","templated":true}]}}