{"id":348808,"date":"2025-03-18T08:32:07","date_gmt":"2025-03-18T05:32:07","guid":{"rendered":"https:\/\/sana.sy\/es\/?p=348808"},"modified":"2025-03-18T08:32:07","modified_gmt":"2025-03-18T05:32:07","slug":"canciller-sirio-sostiene-reuniones-bilaterales-en-bruselas","status":"publish","type":"post","link":"https:\/\/archive.sana.sy\/es\/?p=348808","title":{"rendered":"Canciller sirio sostiene reuniones bilaterales en Bruselas"},"content":{"rendered":"<p><span style=\"color: #800000;\"><strong>Bruselas, 18 mar (SANA)<\/strong><\/span> <strong>En el marco de la Conferencia de Donantes de Bruselas para Siria, el ministro sirio de Asuntos Exteriores, Asaad Al-Shaibani se reuni\u00f3 con las siguientes figuras:<\/strong><\/p>\n<p>&#x1f539;La alta representante de la Uni\u00f3n Europea, Kaya Kallas.<\/p>\n<p>&#x1f539;El ministro brit\u00e1nico para Oriente Medio, Hamish Falconer.<\/p>\n<p>&#x1f539;La enviada especial brit\u00e1nica a Siria, Anne Snow.<\/p>\n<p>&#x1f539;El director de Desarrollo Brit\u00e1nico-Sirio, Peter McDermott.<\/p>\n<p>&#x1f539;El viceministro de Asuntos Exteriores del Reino de Noruegar. Andreas Kravik.<\/p>\n<p>&#x1f539;El enviado especial de las Naciones Unidas a Siria, Geir Pedersen.<\/p>\n<p>&#x1f539;El presidente de la Red de Desarrollo Aga Khan, Rahim Aga Khan.<\/p>\n<p>&#x1f539;La presidenta de la Fundaci\u00f3n Independiente para las Personas Desaparecidas en Siria, Carla Quintana.<\/p>\n","protected":false},"excerpt":{"rendered":"<p>Bruselas, 18 mar (SANA) En el marco de la Conferencia de Donantes de Bruselas para Siria, el ministro sirio de Asuntos Exteriores, Asaad Al-Shaibani se reuni\u00f3 con las siguientes figuras: &#x1f539;La alta representante de la Uni\u00f3n Europea, Kaya Kallas. &#x1f539;El ministro brit\u00e1nico para Oriente Medio, Hamish Falconer. &#x1f539;La enviada especial brit\u00e1nica a Siria, Anne Snow. &hellip;<\/p>\n","protected":false},"author":42,"featured_media":348809,"comment_status":"closed","ping_status":"closed","sticky":false,"template":"","format":"standard","meta":{"footnotes":""},"categories":[597,20724,467,7541],"tags":[],"class_list":["post-348808","post","type-post","status-publish","format-standard","has-post-thumbnail","","category-cinta-de-noticias","category-minuto-a-minuto","category-siria-y-el-mundo","category-ultimas-noticias"],"_links":{"self":[{"href":"https:\/\/archive.sana.sy\/es\/index.php?rest_route=\/wp\/v2\/posts\/348808"}],"collection":[{"href":"https:\/\/archive.sana.sy\/es\/index.php?rest_route=\/wp\/v2\/posts"}],"about":[{"href":"https:\/\/archive.sana.sy\/es\/index.php?rest_route=\/wp\/v2\/types\/post"}],"author":[{"embeddable":true,"href":"https:\/\/archive.sana.sy\/es\/index.php?rest_route=\/wp\/v2\/users\/42"}],"replies":[{"embeddable":true,"href":"https:\/\/archive.sana.sy\/es\/index.php?rest_route=%2Fwp%2Fv2%2Fcomments&post=348808"}],"version-history":[{"count":1,"href":"https:\/\/archive.sana.sy\/es\/index.php?rest_route=\/wp\/v2\/posts\/348808\/revisions"}],"predecessor-version":[{"id":348810,"href":"https:\/\/archive.sana.sy\/es\/index.php?rest_route=\/wp\/v2\/posts\/348808\/revisions\/348810"}],"wp:featuredmedia":[{"embeddable":true,"href":"https:\/\/archive.sana.sy\/es\/index.php?rest_route=\/wp\/v2\/media\/348809"}],"wp:attachment":[{"href":"https:\/\/archive.sana.sy\/es\/index.php?rest_route=%2Fwp%2Fv2%2Fmedia&parent=348808"}],"wp:term":[{"taxonomy":"category","embeddable":true,"href":"https:\/\/archive.sana.sy\/es\/index.php?rest_route=%2Fwp%2Fv2%2Fcategories&post=348808"},{"taxonomy":"post_tag","embeddable":true,"href":"https:\/\/archive.sana.sy\/es\/index.php?rest_route=%2Fwp%2Fv2%2Ftags&post=348808"}],"curies":[{"name":"wp","href":"https:\/\/api.w.org\/{rel}","templated":true}]}}