{"id":348812,"date":"2025-03-18T08:36:15","date_gmt":"2025-03-18T05:36:15","guid":{"rendered":"https:\/\/sana.sy\/es\/?p=348812"},"modified":"2025-03-18T08:36:15","modified_gmt":"2025-03-18T05:36:15","slug":"la-ue-promete-2-5-mil-millones-de-euros-para-apoyar-a-siria","status":"publish","type":"post","link":"https:\/\/archive.sana.sy\/es\/?p=348812","title":{"rendered":"La UE promete 2.5 mil millones de euros para apoyar a Siria"},"content":{"rendered":"<p style=\"text-align: justify;\"><span style=\"color: #800000;\"><strong>Bruselas, 18 mar (SANA)<\/strong><\/span> La presidenta de la Comisi\u00f3n Europea, Ursula von der Leyen, anunci\u00f3 que la Uni\u00f3n Europea (UE) prometi\u00f3 aproximadamente 2.500 millones de euros en ayuda a Siria durante la novena Conferencia de Donantes para Siria, celebrada hoy en Bruselas.<\/p>\n<p style=\"text-align: justify;\">&#8220;Los sirios necesitan m\u00e1s apoyo, tanto lo que siguen en el extranjero como los que han decidido regresar a casa&#8221;, declar\u00f3 von der Leyen a AFP.<\/p>\n<p style=\"text-align: justify;\">Agreg\u00f3 que por eso, hoy, la Uni\u00f3n Europea, aument\u00f3 los compromisos con los sirios en el pa\u00eds y la regi\u00f3n a unos 2.500 millones de euros para 2025 y 2026&#8243;.<\/p>\n<p style=\"text-align: justify;\">En una declaraci\u00f3n emitida hoy, la Uni\u00f3n Europea afirm\u00f3 su apoyo inquebrantable a Siria y su contribuci\u00f3n a los esfuerzos de reconstrucci\u00f3n y recuperaci\u00f3n econ\u00f3mica.<\/p>\n<p>&nbsp;<\/p>\n","protected":false},"excerpt":{"rendered":"<p>Bruselas, 18 mar (SANA) La presidenta de la Comisi\u00f3n Europea, Ursula von der Leyen, anunci\u00f3 que la Uni\u00f3n Europea (UE) prometi\u00f3 aproximadamente 2.500 millones de euros en ayuda a Siria durante la novena Conferencia de Donantes para Siria, celebrada hoy en Bruselas. &#8220;Los sirios necesitan m\u00e1s apoyo, tanto lo que siguen en el extranjero como &hellip;<\/p>\n","protected":false},"author":42,"featured_media":348813,"comment_status":"closed","ping_status":"closed","sticky":false,"template":"","format":"standard","meta":{"footnotes":""},"categories":[597,20724,467,7541],"tags":[],"class_list":["post-348812","post","type-post","status-publish","format-standard","has-post-thumbnail","","category-cinta-de-noticias","category-minuto-a-minuto","category-siria-y-el-mundo","category-ultimas-noticias"],"_links":{"self":[{"href":"https:\/\/archive.sana.sy\/es\/index.php?rest_route=\/wp\/v2\/posts\/348812"}],"collection":[{"href":"https:\/\/archive.sana.sy\/es\/index.php?rest_route=\/wp\/v2\/posts"}],"about":[{"href":"https:\/\/archive.sana.sy\/es\/index.php?rest_route=\/wp\/v2\/types\/post"}],"author":[{"embeddable":true,"href":"https:\/\/archive.sana.sy\/es\/index.php?rest_route=\/wp\/v2\/users\/42"}],"replies":[{"embeddable":true,"href":"https:\/\/archive.sana.sy\/es\/index.php?rest_route=%2Fwp%2Fv2%2Fcomments&post=348812"}],"version-history":[{"count":1,"href":"https:\/\/archive.sana.sy\/es\/index.php?rest_route=\/wp\/v2\/posts\/348812\/revisions"}],"predecessor-version":[{"id":348814,"href":"https:\/\/archive.sana.sy\/es\/index.php?rest_route=\/wp\/v2\/posts\/348812\/revisions\/348814"}],"wp:featuredmedia":[{"embeddable":true,"href":"https:\/\/archive.sana.sy\/es\/index.php?rest_route=\/wp\/v2\/media\/348813"}],"wp:attachment":[{"href":"https:\/\/archive.sana.sy\/es\/index.php?rest_route=%2Fwp%2Fv2%2Fmedia&parent=348812"}],"wp:term":[{"taxonomy":"category","embeddable":true,"href":"https:\/\/archive.sana.sy\/es\/index.php?rest_route=%2Fwp%2Fv2%2Fcategories&post=348812"},{"taxonomy":"post_tag","embeddable":true,"href":"https:\/\/archive.sana.sy\/es\/index.php?rest_route=%2Fwp%2Fv2%2Ftags&post=348812"}],"curies":[{"name":"wp","href":"https:\/\/api.w.org\/{rel}","templated":true}]}}