{"id":348815,"date":"2025-03-18T09:05:35","date_gmt":"2025-03-18T06:05:35","guid":{"rendered":"https:\/\/sana.sy\/es\/?p=348815"},"modified":"2025-03-18T09:05:43","modified_gmt":"2025-03-18T06:05:43","slug":"alto-el-fuego-en-la-frontera-entre-siria-y-libano","status":"publish","type":"post","link":"https:\/\/archive.sana.sy\/es\/?p=348815","title":{"rendered":"Alto el fuego en la frontera entre Siria y L\u00edbano"},"content":{"rendered":"<p style=\"text-align: justify;\"><span style=\"color: #800000;\"><strong>Damasco, 18 mar (SANA)<\/strong><\/span> El Ministerio de Defensa inform\u00f3 a SANA que un acuerdo fue alcanzado entre los ministerios de defensa sirio y liban\u00e9s para un alto el fuego en la frontera.<\/p>\n<p style=\"text-align: justify;\">El acuerdo estipula una mayor coordinaci\u00f3n y cooperaci\u00f3n entre las dos partes.<\/p>\n<p style=\"text-align: justify;\">Anteriormente, una fuente del Ministerio de Defensa declar\u00f3 a SANA tras asesinar a tres militares por parte de la milicia Hezbol\u00e1, el ej\u00e9rcito sirio comenz\u00f3 a peinar las tierras y aldeas sirias adyacentes a la frontera libanesa, al oeste de la ciudad de Qusayr.<\/p>\n<p style=\"text-align: justify;\">Aclar\u00f3 que el objetivo es expulsar a las milicias de Hezbol\u00e1 de las aldeas y zonas sirias que utilizan como bases temporales para operaciones de contrabando y nacrotr\u00e1fico.<\/p>\n<p>&nbsp;<\/p>\n","protected":false},"excerpt":{"rendered":"<p>Damasco, 18 mar (SANA) El Ministerio de Defensa inform\u00f3 a SANA que un acuerdo fue alcanzado entre los ministerios de defensa sirio y liban\u00e9s para un alto el fuego en la frontera. El acuerdo estipula una mayor coordinaci\u00f3n y cooperaci\u00f3n entre las dos partes. Anteriormente, una fuente del Ministerio de Defensa declar\u00f3 a SANA tras &hellip;<\/p>\n","protected":false},"author":42,"featured_media":348816,"comment_status":"closed","ping_status":"closed","sticky":false,"template":"","format":"standard","meta":{"footnotes":""},"categories":[597,20724,467,7541],"tags":[],"class_list":["post-348815","post","type-post","status-publish","format-standard","has-post-thumbnail","","category-cinta-de-noticias","category-minuto-a-minuto","category-siria-y-el-mundo","category-ultimas-noticias"],"_links":{"self":[{"href":"https:\/\/archive.sana.sy\/es\/index.php?rest_route=\/wp\/v2\/posts\/348815"}],"collection":[{"href":"https:\/\/archive.sana.sy\/es\/index.php?rest_route=\/wp\/v2\/posts"}],"about":[{"href":"https:\/\/archive.sana.sy\/es\/index.php?rest_route=\/wp\/v2\/types\/post"}],"author":[{"embeddable":true,"href":"https:\/\/archive.sana.sy\/es\/index.php?rest_route=\/wp\/v2\/users\/42"}],"replies":[{"embeddable":true,"href":"https:\/\/archive.sana.sy\/es\/index.php?rest_route=%2Fwp%2Fv2%2Fcomments&post=348815"}],"version-history":[{"count":1,"href":"https:\/\/archive.sana.sy\/es\/index.php?rest_route=\/wp\/v2\/posts\/348815\/revisions"}],"predecessor-version":[{"id":348817,"href":"https:\/\/archive.sana.sy\/es\/index.php?rest_route=\/wp\/v2\/posts\/348815\/revisions\/348817"}],"wp:featuredmedia":[{"embeddable":true,"href":"https:\/\/archive.sana.sy\/es\/index.php?rest_route=\/wp\/v2\/media\/348816"}],"wp:attachment":[{"href":"https:\/\/archive.sana.sy\/es\/index.php?rest_route=%2Fwp%2Fv2%2Fmedia&parent=348815"}],"wp:term":[{"taxonomy":"category","embeddable":true,"href":"https:\/\/archive.sana.sy\/es\/index.php?rest_route=%2Fwp%2Fv2%2Fcategories&post=348815"},{"taxonomy":"post_tag","embeddable":true,"href":"https:\/\/archive.sana.sy\/es\/index.php?rest_route=%2Fwp%2Fv2%2Ftags&post=348815"}],"curies":[{"name":"wp","href":"https:\/\/api.w.org\/{rel}","templated":true}]}}