{"id":348865,"date":"2025-03-18T17:35:20","date_gmt":"2025-03-18T14:35:20","guid":{"rendered":"https:\/\/sana.sy\/es\/?p=348865"},"modified":"2025-03-18T17:35:20","modified_gmt":"2025-03-18T14:35:20","slug":"directora-general-de-la-iom-llama-a-la-comunidad-internacional-a-invertir-en-la-reconstruccion-de-siria","status":"publish","type":"post","link":"https:\/\/archive.sana.sy\/es\/?p=348865","title":{"rendered":"Directora general de la IOM llama a la comunidad internacional a invertir en la reconstrucci\u00f3n de Siria"},"content":{"rendered":"<p style=\"text-align: justify\"><strong>Bruselas, 18 mar (SANA)<\/strong> Las conversaciones sobre el retorno de los refugiados sirios no deben mantenerse al margen de un contexto econ\u00f3mico y pol\u00edtico m\u00e1s amplio, declar\u00f3 Amy Pope, la directora general de la Organizaci\u00f3n Internacional de Migraci\u00f3n de la ONU (IOM por sus siglas en ingl\u00e9s).<\/p>\n<p style=\"text-align: justify\">&#8220;Alentamos a los Estados a invertir realmente en este proceso de consolidaci\u00f3n de la paz, a invertir en la revitalizaci\u00f3n de Siria y a invertir en asistencia humanitaria&#8221;, declar\u00f3 Pope a la agencia Euronews.<\/p>\n<p style=\"text-align: justify\">En cuanto a las visitas \u201cgo-and-see\u201d que promueven los pa\u00edses de acogida a los emigrantes sirios para volver a su pa\u00eds de origen e inspeccionar la situaci\u00f3n de cerca, la alta funcionaria destac\u00f3 que \u201cEs \u00fatil que las personas regresen y vean qu\u00e9 desaf\u00edos podr\u00edan enfrentar o c\u00f3mo es la situaci\u00f3n sobre el terreno\u201d.<\/p>\n<p style=\"text-align: justify\">En este contexto reiter\u00f3 el apoyo a los sirios que desean hacerlo, manteniendo al mismo tiempo su estatus de protecci\u00f3n en el pa\u00eds de acogida.<\/p>\n<p style=\"text-align: justify\">Destac\u00f3 la necesidad de que la comunidad internacional adopte medidas para proporcionar un entorno seguro a los repatriados al participar en la reconstrucci\u00f3n de las zonas destruidas en Siria.<\/p>\n","protected":false},"excerpt":{"rendered":"<p>Bruselas, 18 mar (SANA) Las conversaciones sobre el retorno de los refugiados sirios no deben mantenerse al margen de un contexto econ\u00f3mico y pol\u00edtico m\u00e1s amplio, declar\u00f3 Amy Pope, la directora general de la Organizaci\u00f3n Internacional de Migraci\u00f3n de la ONU (IOM por sus siglas en ingl\u00e9s). &#8220;Alentamos a los Estados a invertir realmente en &hellip;<\/p>\n","protected":false},"author":24,"featured_media":348866,"comment_status":"closed","ping_status":"closed","sticky":false,"template":"","format":"standard","meta":{"footnotes":""},"categories":[597,20724,467,7541],"tags":[],"class_list":["post-348865","post","type-post","status-publish","format-standard","has-post-thumbnail","","category-cinta-de-noticias","category-minuto-a-minuto","category-siria-y-el-mundo","category-ultimas-noticias"],"_links":{"self":[{"href":"https:\/\/archive.sana.sy\/es\/index.php?rest_route=\/wp\/v2\/posts\/348865"}],"collection":[{"href":"https:\/\/archive.sana.sy\/es\/index.php?rest_route=\/wp\/v2\/posts"}],"about":[{"href":"https:\/\/archive.sana.sy\/es\/index.php?rest_route=\/wp\/v2\/types\/post"}],"author":[{"embeddable":true,"href":"https:\/\/archive.sana.sy\/es\/index.php?rest_route=\/wp\/v2\/users\/24"}],"replies":[{"embeddable":true,"href":"https:\/\/archive.sana.sy\/es\/index.php?rest_route=%2Fwp%2Fv2%2Fcomments&post=348865"}],"version-history":[{"count":1,"href":"https:\/\/archive.sana.sy\/es\/index.php?rest_route=\/wp\/v2\/posts\/348865\/revisions"}],"predecessor-version":[{"id":348867,"href":"https:\/\/archive.sana.sy\/es\/index.php?rest_route=\/wp\/v2\/posts\/348865\/revisions\/348867"}],"wp:featuredmedia":[{"embeddable":true,"href":"https:\/\/archive.sana.sy\/es\/index.php?rest_route=\/wp\/v2\/media\/348866"}],"wp:attachment":[{"href":"https:\/\/archive.sana.sy\/es\/index.php?rest_route=%2Fwp%2Fv2%2Fmedia&parent=348865"}],"wp:term":[{"taxonomy":"category","embeddable":true,"href":"https:\/\/archive.sana.sy\/es\/index.php?rest_route=%2Fwp%2Fv2%2Fcategories&post=348865"},{"taxonomy":"post_tag","embeddable":true,"href":"https:\/\/archive.sana.sy\/es\/index.php?rest_route=%2Fwp%2Fv2%2Ftags&post=348865"}],"curies":[{"name":"wp","href":"https:\/\/api.w.org\/{rel}","templated":true}]}}