{"id":348899,"date":"2025-03-19T09:08:11","date_gmt":"2025-03-19T06:08:11","guid":{"rendered":"https:\/\/sana.sy\/es\/?p=348899"},"modified":"2025-03-19T09:08:11","modified_gmt":"2025-03-19T06:08:11","slug":"arabia-saudita-condena-ataques-israelies-en-territorio-sirio","status":"publish","type":"post","link":"https:\/\/archive.sana.sy\/es\/?p=348899","title":{"rendered":"Arabia Saudita condena ataques israel\u00edes en territorio sirio"},"content":{"rendered":"<p style=\"text-align: justify;\"><span style=\"color: #800000;\"><strong>Riad, 19 mar (SANA)\u00a0<\/strong><\/span>&#8220;El Reino subraya la necesidad de que la comunidad internacional se levante contra estos ataques y la importancia de que los Estados miembros del Consejo de Seguridad cumplan su papel, se opongan con firmeza y seriedad a estos continuos ataques y violaciones israel\u00edes en Siria, impidan la expansi\u00f3n del conflicto y activen los mecanismos internacionales de rendici\u00f3n de cuentas por estas violaciones&#8221;.<\/p>\n<p style=\"text-align: justify;\">El Ministerio de Asuntos Exteriores de Arabia Saudita conden\u00f3 los bombardeos de las fuerzas de ocupaci\u00f3n israel\u00edes contra Siria, en una flagrante violaci\u00f3n del derecho internacional.<\/p>\n<p style=\"text-align: justify;\">En un comunicado en su cuenta oficial en la plataforma (X), La Canciller\u00eda se\u00f1al\u00f3 que el Reino condena los intentos israel\u00edes de desestabilizar la seguridad y estabilidad de Siria y la regi\u00f3n a trav\u00e9s de estas reiteradas violaciones, que violan los acuerdos y leyes internacionales\u201d.<\/p>\n<p style=\"text-align: justify;\">A\u00f1adi\u00f3: &#8220;El Reino subraya la necesidad de que la comunidad internacional se levante contra estos ataques y la importancia de que los Estados miembros del Consejo de Seguridad cumplan su papel, se opongan con firmeza y seriedad a estos continuos ataques y violaciones israel\u00edes en Siria, impidan la expansi\u00f3n del conflicto y activen los mecanismos internacionales de rendici\u00f3n de cuentas por estas violaciones&#8221;.<\/p>\n<p style=\"text-align: justify;\">Asimismo, reiter\u00f3 la solidaridad de Riad con el gobierno y el pueblo sirios.<\/p>\n","protected":false},"excerpt":{"rendered":"<p>Riad, 19 mar (SANA)\u00a0&#8220;El Reino subraya la necesidad de que la comunidad internacional se levante contra estos ataques y la importancia de que los Estados miembros del Consejo de Seguridad cumplan su papel, se opongan con firmeza y seriedad a estos continuos ataques y violaciones israel\u00edes en Siria, impidan la expansi\u00f3n del conflicto y activen &hellip;<\/p>\n","protected":false},"author":42,"featured_media":348900,"comment_status":"closed","ping_status":"closed","sticky":false,"template":"","format":"standard","meta":{"footnotes":""},"categories":[597,20724,467,7541],"tags":[],"class_list":["post-348899","post","type-post","status-publish","format-standard","has-post-thumbnail","","category-cinta-de-noticias","category-minuto-a-minuto","category-siria-y-el-mundo","category-ultimas-noticias"],"_links":{"self":[{"href":"https:\/\/archive.sana.sy\/es\/index.php?rest_route=\/wp\/v2\/posts\/348899"}],"collection":[{"href":"https:\/\/archive.sana.sy\/es\/index.php?rest_route=\/wp\/v2\/posts"}],"about":[{"href":"https:\/\/archive.sana.sy\/es\/index.php?rest_route=\/wp\/v2\/types\/post"}],"author":[{"embeddable":true,"href":"https:\/\/archive.sana.sy\/es\/index.php?rest_route=\/wp\/v2\/users\/42"}],"replies":[{"embeddable":true,"href":"https:\/\/archive.sana.sy\/es\/index.php?rest_route=%2Fwp%2Fv2%2Fcomments&post=348899"}],"version-history":[{"count":1,"href":"https:\/\/archive.sana.sy\/es\/index.php?rest_route=\/wp\/v2\/posts\/348899\/revisions"}],"predecessor-version":[{"id":348901,"href":"https:\/\/archive.sana.sy\/es\/index.php?rest_route=\/wp\/v2\/posts\/348899\/revisions\/348901"}],"wp:featuredmedia":[{"embeddable":true,"href":"https:\/\/archive.sana.sy\/es\/index.php?rest_route=\/wp\/v2\/media\/348900"}],"wp:attachment":[{"href":"https:\/\/archive.sana.sy\/es\/index.php?rest_route=%2Fwp%2Fv2%2Fmedia&parent=348899"}],"wp:term":[{"taxonomy":"category","embeddable":true,"href":"https:\/\/archive.sana.sy\/es\/index.php?rest_route=%2Fwp%2Fv2%2Fcategories&post=348899"},{"taxonomy":"post_tag","embeddable":true,"href":"https:\/\/archive.sana.sy\/es\/index.php?rest_route=%2Fwp%2Fv2%2Ftags&post=348899"}],"curies":[{"name":"wp","href":"https:\/\/api.w.org\/{rel}","templated":true}]}}