{"id":348902,"date":"2025-03-19T09:12:20","date_gmt":"2025-03-19T06:12:20","guid":{"rendered":"https:\/\/sana.sy\/es\/?p=348902"},"modified":"2025-03-19T09:12:44","modified_gmt":"2025-03-19T06:12:44","slug":"agresion-israeli-en-el-sureste-de-homs","status":"publish","type":"post","link":"https:\/\/archive.sana.sy\/es\/?p=348902","title":{"rendered":"Agresi\u00f3n israel\u00ed en el sureste de Homs"},"content":{"rendered":"<p style=\"text-align: justify;\"><span style=\"color: #800000;\"><strong>Homs, 19 mar (SANA)<\/strong><\/span> El ocupante israel\u00ed lanz\u00f3 hoy ataques a\u00e9reos contra lugares situados en el sureste de Homs.<\/p>\n<p style=\"text-align: justify;\">El corresponsal de SANA en Homs inform\u00f3, citando a fuentes locales, que la agresi\u00f3n israel\u00ed tuvo como objetivo sirtios en las zonas de Shinshar y Shamsin, en la zona rural del sudeste de la provincia.<\/p>\n<p style=\"text-align: justify;\">Los ataques israel\u00edes contra territorio sirio contin\u00faan como parte de una campa\u00f1a israel\u00ed contra el pueblo sirio y la estabilidad del pa\u00eds.<\/p>\n<p style=\"text-align: justify;\">La v\u00edspera, ataques a\u00e9reos impactaron las inmediaciones de la ciudad de Deraa, causando la muerte de dos civiles y heridas a otros 19.<\/p>\n","protected":false},"excerpt":{"rendered":"<p>Homs, 19 mar (SANA) El ocupante israel\u00ed lanz\u00f3 hoy ataques a\u00e9reos contra lugares situados en el sureste de Homs. El corresponsal de SANA en Homs inform\u00f3, citando a fuentes locales, que la agresi\u00f3n israel\u00ed tuvo como objetivo sirtios en las zonas de Shinshar y Shamsin, en la zona rural del sudeste de la provincia. Los &hellip;<\/p>\n","protected":false},"author":42,"featured_media":348903,"comment_status":"closed","ping_status":"closed","sticky":false,"template":"","format":"standard","meta":{"footnotes":""},"categories":[597,20724,476,7541],"tags":[],"class_list":["post-348902","post","type-post","status-publish","format-standard","has-post-thumbnail","","category-cinta-de-noticias","category-minuto-a-minuto","category-locales","category-ultimas-noticias"],"_links":{"self":[{"href":"https:\/\/archive.sana.sy\/es\/index.php?rest_route=\/wp\/v2\/posts\/348902"}],"collection":[{"href":"https:\/\/archive.sana.sy\/es\/index.php?rest_route=\/wp\/v2\/posts"}],"about":[{"href":"https:\/\/archive.sana.sy\/es\/index.php?rest_route=\/wp\/v2\/types\/post"}],"author":[{"embeddable":true,"href":"https:\/\/archive.sana.sy\/es\/index.php?rest_route=\/wp\/v2\/users\/42"}],"replies":[{"embeddable":true,"href":"https:\/\/archive.sana.sy\/es\/index.php?rest_route=%2Fwp%2Fv2%2Fcomments&post=348902"}],"version-history":[{"count":1,"href":"https:\/\/archive.sana.sy\/es\/index.php?rest_route=\/wp\/v2\/posts\/348902\/revisions"}],"predecessor-version":[{"id":348904,"href":"https:\/\/archive.sana.sy\/es\/index.php?rest_route=\/wp\/v2\/posts\/348902\/revisions\/348904"}],"wp:featuredmedia":[{"embeddable":true,"href":"https:\/\/archive.sana.sy\/es\/index.php?rest_route=\/wp\/v2\/media\/348903"}],"wp:attachment":[{"href":"https:\/\/archive.sana.sy\/es\/index.php?rest_route=%2Fwp%2Fv2%2Fmedia&parent=348902"}],"wp:term":[{"taxonomy":"category","embeddable":true,"href":"https:\/\/archive.sana.sy\/es\/index.php?rest_route=%2Fwp%2Fv2%2Fcategories&post=348902"},{"taxonomy":"post_tag","embeddable":true,"href":"https:\/\/archive.sana.sy\/es\/index.php?rest_route=%2Fwp%2Fv2%2Ftags&post=348902"}],"curies":[{"name":"wp","href":"https:\/\/api.w.org\/{rel}","templated":true}]}}