{"id":34893,"date":"2015-12-09T19:04:16","date_gmt":"2015-12-09T17:04:16","guid":{"rendered":"http:\/\/www.sana.sy\/es\/?p=34893"},"modified":"2015-12-09T19:05:20","modified_gmt":"2015-12-09T17:05:20","slug":"lavrov-reitera-que-planteamiento-de-occidente-sobre-destino-del-mandatario-sirio-contradice-derecho-internacional","status":"publish","type":"post","link":"https:\/\/archive.sana.sy\/es\/?p=34893","title":{"rendered":"Lavrov reitera que planteamiento de Occidente sobre destino del mandatario sirio contradice derecho internacional"},"content":{"rendered":"<p><span style=\"color: #800000\">Mosc\u00fa, SANA<\/span><\/p>\n<p>El canciller ruso, Serguei Lavrov subray\u00f3 que aquellos que insisten en que la creaci\u00f3n de una alianza internacional contra el terrorismo depende de la salida del presidente Bashar al-Assad, ellos est\u00e1n trabajando de forma indirecta para crear condiciones adecuadas por la expansi\u00f3n de la organizaci\u00f3n terrorista del Estado Isl\u00e1mico.<\/p>\n<p>En una entrevista con medios de comunicaci\u00f3n italianos, Lavrov dijo: \u201csi el asunto del presidente Assad sigue planteado artificialmente como un obst\u00e1culo ante la creaci\u00f3n de una coalici\u00f3n antiterrorista universales real, entonces los que est\u00e1n insistiendo en esto (&#8230;.) est\u00e1n contribuyendo indirectamente a mantener las condiciones que [permitan] al Estado Isl\u00e1mico de seguir expandiendo\u201d.<\/p>\n<p>El jefe de la diplomacia rusa se\u00f1al\u00f3 que la postura de Occidente ante el tema de la salida del presidente al-Assad ha cambiado proporcionalmente, pues los socios de Rusia han admitido que el mandatario sirio formar\u00e1 parte del proceso de transici\u00f3n pol\u00edtica en el pa\u00eds, sin embargo siguen insistiendo en fijar una fecha para su salida.<\/p>\n<p>Lavrov agreg\u00f3 que Rusia considera este planteamiento como artificial que contradice con el derecho internacional y los principios de la democracia.<\/p>\n<p>Cabe destacar que el presidente Putin reiter\u00f3 en repetidas ocasiones que el pueblo sirio es el que decide el futuro de Siria y de su liderazgo lejos de las injerencias extranjeras.<\/p>\n<p>El jefe de la diplomacia rusa subray\u00f3 que la r\u00e1pida eliminaci\u00f3n del EI ser\u00eda posible en el caso de unificar las potencias de las fuerzas a\u00e9reas rusas y estadounidenses y coordinar estrechamente con las fuerzas terrestres que combaten a esta organizaci\u00f3n terrorista.<\/p>\n<p>Lavrov aludi\u00f3 que los propios estadounidenses admiten la necesidad de que el ej\u00e9rcito sirio se sume a los operativos terrestres conjuntos contra el EI, sin embargo ellos ponen precondiciones al respecto, lo que significa que \u201cel planteamiento norteamericano no tiene un car\u00e1cter militar profesional sino que ideol\u00f3gico\u201d.<\/p>\n<p>El Canciller ruso sostuvo que Rusia podr\u00eda formar el eje de una coalici\u00f3n internacional futura contra el EI, puesto que es el \u00fanico pa\u00eds extranjero que opera en Siria conforme al derecho internacional, resaltando que \u201cDamasco estar\u00e1 dispuesta a establecer una cooperaci\u00f3n internacional, orquestada por Washington si recibe una petici\u00f3n al respecto\u201d.<\/p>\n<p>&nbsp;<br \/>\nLynn A.<\/p>\n","protected":false},"excerpt":{"rendered":"<p>Mosc\u00fa, SANA El canciller ruso, Serguei Lavrov subray\u00f3 que aquellos que insisten en que la creaci\u00f3n de una alianza internacional contra el terrorismo depende de la salida del presidente Bashar al-Assad, ellos est\u00e1n trabajando de forma indirecta para crear condiciones adecuadas por la expansi\u00f3n de la organizaci\u00f3n terrorista del Estado Isl\u00e1mico. En una entrevista con &hellip;<\/p>\n","protected":false},"author":24,"featured_media":32932,"comment_status":"closed","ping_status":"closed","sticky":false,"template":"","format":"standard","meta":{"footnotes":""},"categories":[467,7541],"tags":[],"class_list":["post-34893","post","type-post","status-publish","format-standard","has-post-thumbnail","","category-siria-y-el-mundo","category-ultimas-noticias"],"_links":{"self":[{"href":"https:\/\/archive.sana.sy\/es\/index.php?rest_route=\/wp\/v2\/posts\/34893"}],"collection":[{"href":"https:\/\/archive.sana.sy\/es\/index.php?rest_route=\/wp\/v2\/posts"}],"about":[{"href":"https:\/\/archive.sana.sy\/es\/index.php?rest_route=\/wp\/v2\/types\/post"}],"author":[{"embeddable":true,"href":"https:\/\/archive.sana.sy\/es\/index.php?rest_route=\/wp\/v2\/users\/24"}],"replies":[{"embeddable":true,"href":"https:\/\/archive.sana.sy\/es\/index.php?rest_route=%2Fwp%2Fv2%2Fcomments&post=34893"}],"version-history":[{"count":0,"href":"https:\/\/archive.sana.sy\/es\/index.php?rest_route=\/wp\/v2\/posts\/34893\/revisions"}],"wp:featuredmedia":[{"embeddable":true,"href":"https:\/\/archive.sana.sy\/es\/index.php?rest_route=\/wp\/v2\/media\/32932"}],"wp:attachment":[{"href":"https:\/\/archive.sana.sy\/es\/index.php?rest_route=%2Fwp%2Fv2%2Fmedia&parent=34893"}],"wp:term":[{"taxonomy":"category","embeddable":true,"href":"https:\/\/archive.sana.sy\/es\/index.php?rest_route=%2Fwp%2Fv2%2Fcategories&post=34893"},{"taxonomy":"post_tag","embeddable":true,"href":"https:\/\/archive.sana.sy\/es\/index.php?rest_route=%2Fwp%2Fv2%2Ftags&post=34893"}],"curies":[{"name":"wp","href":"https:\/\/api.w.org\/{rel}","templated":true}]}}