{"id":348934,"date":"2025-03-19T12:20:40","date_gmt":"2025-03-19T09:20:40","guid":{"rendered":"https:\/\/sana.sy\/es\/?p=348934"},"modified":"2025-03-19T12:21:40","modified_gmt":"2025-03-19T09:21:40","slug":"jordania-condena-bombardeos-israelies-contra-territorio-sirio","status":"publish","type":"post","link":"https:\/\/archive.sana.sy\/es\/?p=348934","title":{"rendered":"Jordania condena bombardeos israel\u00edes contra territorio sirio"},"content":{"rendered":"<p style=\"text-align: justify;\"><span style=\"color: #800000;\"><strong>Am\u00e1n, 19 mar (SANA)\u00a0<\/strong> <\/span>Jordania expres\u00f3 su en\u00e9rgica condena a los ataques de \u201cIsrael\u201d contra el territorio sirio y subray\u00f3 que esas violaciones constituyen una flagrante violaci\u00f3n del derecho internacional y de la soberan\u00eda y la unidad de Siria, y adem\u00e1s representan una peligrosa escalada en la regi\u00f3n.<\/p>\n<p style=\"text-align: justify;\">El portavoz oficial del Ministerio de Exteriores y Expatriados de Jordania, Sufian Qudah, manifest\u00f3 el apoyo del Reino de Jordania a Siria y a su seguridad, estabilidad y soberan\u00eda.<\/p>\n<p style=\"text-align: justify;\">La comunidad internacional debe asumir sus responsabilidades jur\u00eddicas y morales, y obligar a Israel a poner fin a sus ataques provocadores e ilegales contra Siria, asever\u00f3.<\/p>\n","protected":false},"excerpt":{"rendered":"<p>Am\u00e1n, 19 mar (SANA)\u00a0 Jordania expres\u00f3 su en\u00e9rgica condena a los ataques de \u201cIsrael\u201d contra el territorio sirio y subray\u00f3 que esas violaciones constituyen una flagrante violaci\u00f3n del derecho internacional y de la soberan\u00eda y la unidad de Siria, y adem\u00e1s representan una peligrosa escalada en la regi\u00f3n. El portavoz oficial del Ministerio de Exteriores &hellip;<\/p>\n","protected":false},"author":35,"featured_media":348936,"comment_status":"closed","ping_status":"closed","sticky":false,"template":"","format":"standard","meta":{"footnotes":""},"categories":[597,20724,467,7541],"tags":[],"class_list":["post-348934","post","type-post","status-publish","format-standard","has-post-thumbnail","","category-cinta-de-noticias","category-minuto-a-minuto","category-siria-y-el-mundo","category-ultimas-noticias"],"_links":{"self":[{"href":"https:\/\/archive.sana.sy\/es\/index.php?rest_route=\/wp\/v2\/posts\/348934"}],"collection":[{"href":"https:\/\/archive.sana.sy\/es\/index.php?rest_route=\/wp\/v2\/posts"}],"about":[{"href":"https:\/\/archive.sana.sy\/es\/index.php?rest_route=\/wp\/v2\/types\/post"}],"author":[{"embeddable":true,"href":"https:\/\/archive.sana.sy\/es\/index.php?rest_route=\/wp\/v2\/users\/35"}],"replies":[{"embeddable":true,"href":"https:\/\/archive.sana.sy\/es\/index.php?rest_route=%2Fwp%2Fv2%2Fcomments&post=348934"}],"version-history":[{"count":2,"href":"https:\/\/archive.sana.sy\/es\/index.php?rest_route=\/wp\/v2\/posts\/348934\/revisions"}],"predecessor-version":[{"id":348937,"href":"https:\/\/archive.sana.sy\/es\/index.php?rest_route=\/wp\/v2\/posts\/348934\/revisions\/348937"}],"wp:featuredmedia":[{"embeddable":true,"href":"https:\/\/archive.sana.sy\/es\/index.php?rest_route=\/wp\/v2\/media\/348936"}],"wp:attachment":[{"href":"https:\/\/archive.sana.sy\/es\/index.php?rest_route=%2Fwp%2Fv2%2Fmedia&parent=348934"}],"wp:term":[{"taxonomy":"category","embeddable":true,"href":"https:\/\/archive.sana.sy\/es\/index.php?rest_route=%2Fwp%2Fv2%2Fcategories&post=348934"},{"taxonomy":"post_tag","embeddable":true,"href":"https:\/\/archive.sana.sy\/es\/index.php?rest_route=%2Fwp%2Fv2%2Ftags&post=348934"}],"curies":[{"name":"wp","href":"https:\/\/api.w.org\/{rel}","templated":true}]}}