{"id":348984,"date":"2025-03-20T18:22:29","date_gmt":"2025-03-20T15:22:29","guid":{"rendered":"https:\/\/sana.sy\/es\/?p=348984"},"modified":"2025-03-20T18:22:29","modified_gmt":"2025-03-20T15:22:29","slug":"actividades-para-ninos-y-jovenes-en-homs-con-motivo-del-14o-aniversario-de-la-revolucion-siria","status":"publish","type":"post","link":"https:\/\/archive.sana.sy\/es\/?p=348984","title":{"rendered":"Actividades para ni\u00f1os y j\u00f3venes en Homs con motivo del 14\u00ba aniversario de la Revoluci\u00f3n Siria"},"content":{"rendered":"<p style=\"text-align: justify;\"><span style=\"color: #800000;\"><strong>Homs, 20 mar (SANA)\u00a0<\/strong> <\/span>Exposiciones y espect\u00e1culos teatrales para ni\u00f1os y j\u00f3venes fueron parte de las actividades organizadas en el Palacio de la Cultura en Homs, por el 14\u00ba aniversario de la Revoluci\u00f3n Siria.<\/p>\n<p style=\"text-align: justify;\">Las actividades, organizadas por la Direcci\u00f3n de Cultura de Homs en colaboraci\u00f3n con la Fundaci\u00f3n Al-Rowad para la Cooperaci\u00f3n y el Desarrollo, incluyeron una exposici\u00f3n de dibujos y actuaciones teatrales inspiradas de la Revoluci\u00f3n Siria desde sus inicios hasta su victoria.<\/p>\n<div id='gallery-1' class='gallery galleryid-348984 gallery-columns-1 gallery-size-full'><figure class='gallery-item'>\n\t\t\t<div class='gallery-icon landscape'>\n\t\t\t\t<a href='https:\/\/archive.sana.sy\/es\/?attachment_id=348986'><img loading=\"lazy\" decoding=\"async\" width=\"660\" height=\"440\" src=\"https:\/\/archive.sana.sy\/es\/wp-content\/uploads\/2025\/03\/photo_2025-03-18_14-01-29-2.jpg\" class=\"attachment-full size-full\" alt=\"\" srcset=\"https:\/\/archive.sana.sy\/es\/wp-content\/uploads\/2025\/03\/photo_2025-03-18_14-01-29-2.jpg 660w, https:\/\/archive.sana.sy\/es\/wp-content\/uploads\/2025\/03\/photo_2025-03-18_14-01-29-2-300x200.jpg 300w, https:\/\/archive.sana.sy\/es\/wp-content\/uploads\/2025\/03\/photo_2025-03-18_14-01-29-2-150x100.jpg 150w\" sizes=\"(max-width: 660px) 100vw, 660px\" \/><\/a>\n\t\t\t<\/div><\/figure><figure class='gallery-item'>\n\t\t\t<div class='gallery-icon landscape'>\n\t\t\t\t<a href='https:\/\/archive.sana.sy\/es\/?attachment_id=348987'><img loading=\"lazy\" decoding=\"async\" width=\"660\" height=\"440\" src=\"https:\/\/archive.sana.sy\/es\/wp-content\/uploads\/2025\/03\/photo_2025-03-18_14-01-29-3.jpg\" class=\"attachment-full size-full\" alt=\"\" srcset=\"https:\/\/archive.sana.sy\/es\/wp-content\/uploads\/2025\/03\/photo_2025-03-18_14-01-29-3.jpg 660w, https:\/\/archive.sana.sy\/es\/wp-content\/uploads\/2025\/03\/photo_2025-03-18_14-01-29-3-300x200.jpg 300w, https:\/\/archive.sana.sy\/es\/wp-content\/uploads\/2025\/03\/photo_2025-03-18_14-01-29-3-150x100.jpg 150w\" sizes=\"(max-width: 660px) 100vw, 660px\" \/><\/a>\n\t\t\t<\/div><\/figure><figure class='gallery-item'>\n\t\t\t<div class='gallery-icon landscape'>\n\t\t\t\t<a href='https:\/\/archive.sana.sy\/es\/?attachment_id=348988'><img loading=\"lazy\" decoding=\"async\" width=\"660\" height=\"440\" src=\"https:\/\/archive.sana.sy\/es\/wp-content\/uploads\/2025\/03\/photo_2025-03-18_14-01-28.jpg\" class=\"attachment-full size-full\" alt=\"\" srcset=\"https:\/\/archive.sana.sy\/es\/wp-content\/uploads\/2025\/03\/photo_2025-03-18_14-01-28.jpg 660w, https:\/\/archive.sana.sy\/es\/wp-content\/uploads\/2025\/03\/photo_2025-03-18_14-01-28-300x200.jpg 300w, https:\/\/archive.sana.sy\/es\/wp-content\/uploads\/2025\/03\/photo_2025-03-18_14-01-28-150x100.jpg 150w\" sizes=\"(max-width: 660px) 100vw, 660px\" \/><\/a>\n\t\t\t<\/div><\/figure><figure class='gallery-item'>\n\t\t\t<div class='gallery-icon landscape'>\n\t\t\t\t<a href='https:\/\/archive.sana.sy\/es\/?attachment_id=348989'><img loading=\"lazy\" decoding=\"async\" width=\"660\" height=\"440\" src=\"https:\/\/archive.sana.sy\/es\/wp-content\/uploads\/2025\/03\/photo_2025-03-18_14-01-28-3.jpg\" class=\"attachment-full size-full\" alt=\"\" srcset=\"https:\/\/archive.sana.sy\/es\/wp-content\/uploads\/2025\/03\/photo_2025-03-18_14-01-28-3.jpg 660w, https:\/\/archive.sana.sy\/es\/wp-content\/uploads\/2025\/03\/photo_2025-03-18_14-01-28-3-300x200.jpg 300w, https:\/\/archive.sana.sy\/es\/wp-content\/uploads\/2025\/03\/photo_2025-03-18_14-01-28-3-150x100.jpg 150w\" sizes=\"(max-width: 660px) 100vw, 660px\" \/><\/a>\n\t\t\t<\/div><\/figure><figure class='gallery-item'>\n\t\t\t<div class='gallery-icon landscape'>\n\t\t\t\t<a href='https:\/\/archive.sana.sy\/es\/?attachment_id=348990'><img loading=\"lazy\" decoding=\"async\" width=\"660\" height=\"440\" src=\"https:\/\/archive.sana.sy\/es\/wp-content\/uploads\/2025\/03\/photo_2025-03-18_14-01-28-2.jpg\" class=\"attachment-full size-full\" alt=\"\" srcset=\"https:\/\/archive.sana.sy\/es\/wp-content\/uploads\/2025\/03\/photo_2025-03-18_14-01-28-2.jpg 660w, https:\/\/archive.sana.sy\/es\/wp-content\/uploads\/2025\/03\/photo_2025-03-18_14-01-28-2-300x200.jpg 300w, https:\/\/archive.sana.sy\/es\/wp-content\/uploads\/2025\/03\/photo_2025-03-18_14-01-28-2-150x100.jpg 150w\" sizes=\"(max-width: 660px) 100vw, 660px\" \/><\/a>\n\t\t\t<\/div><\/figure><figure class='gallery-item'>\n\t\t\t<div class='gallery-icon landscape'>\n\t\t\t\t<a href='https:\/\/archive.sana.sy\/es\/?attachment_id=348991'><img loading=\"lazy\" decoding=\"async\" width=\"660\" height=\"440\" src=\"https:\/\/archive.sana.sy\/es\/wp-content\/uploads\/2025\/03\/photo_2025-03-20_16-01-06.jpg\" class=\"attachment-full size-full\" alt=\"\" srcset=\"https:\/\/archive.sana.sy\/es\/wp-content\/uploads\/2025\/03\/photo_2025-03-20_16-01-06.jpg 660w, https:\/\/archive.sana.sy\/es\/wp-content\/uploads\/2025\/03\/photo_2025-03-20_16-01-06-300x200.jpg 300w, https:\/\/archive.sana.sy\/es\/wp-content\/uploads\/2025\/03\/photo_2025-03-20_16-01-06-150x100.jpg 150w\" sizes=\"(max-width: 660px) 100vw, 660px\" \/><\/a>\n\t\t\t<\/div><\/figure>\n\t\t<\/div>\n\n<p style=\"text-align: justify;\">\n","protected":false},"excerpt":{"rendered":"<p>Homs, 20 mar (SANA)\u00a0 Exposiciones y espect\u00e1culos teatrales para ni\u00f1os y j\u00f3venes fueron parte de las actividades organizadas en el Palacio de la Cultura en Homs, por el 14\u00ba aniversario de la Revoluci\u00f3n Siria. Las actividades, organizadas por la Direcci\u00f3n de Cultura de Homs en colaboraci\u00f3n con la Fundaci\u00f3n Al-Rowad para la Cooperaci\u00f3n y el &hellip;<\/p>\n","protected":false},"author":39,"featured_media":348985,"comment_status":"closed","ping_status":"closed","sticky":false,"template":"","format":"standard","meta":{"footnotes":""},"categories":[477,597,510,20724,476],"tags":[],"class_list":["post-348984","post","type-post","status-publish","format-standard","has-post-thumbnail","","category-noticias-edulcorantes","category-cinta-de-noticias","category-arte-y-cultura","category-minuto-a-minuto","category-locales"],"_links":{"self":[{"href":"https:\/\/archive.sana.sy\/es\/index.php?rest_route=\/wp\/v2\/posts\/348984"}],"collection":[{"href":"https:\/\/archive.sana.sy\/es\/index.php?rest_route=\/wp\/v2\/posts"}],"about":[{"href":"https:\/\/archive.sana.sy\/es\/index.php?rest_route=\/wp\/v2\/types\/post"}],"author":[{"embeddable":true,"href":"https:\/\/archive.sana.sy\/es\/index.php?rest_route=\/wp\/v2\/users\/39"}],"replies":[{"embeddable":true,"href":"https:\/\/archive.sana.sy\/es\/index.php?rest_route=%2Fwp%2Fv2%2Fcomments&post=348984"}],"version-history":[{"count":1,"href":"https:\/\/archive.sana.sy\/es\/index.php?rest_route=\/wp\/v2\/posts\/348984\/revisions"}],"predecessor-version":[{"id":348994,"href":"https:\/\/archive.sana.sy\/es\/index.php?rest_route=\/wp\/v2\/posts\/348984\/revisions\/348994"}],"wp:featuredmedia":[{"embeddable":true,"href":"https:\/\/archive.sana.sy\/es\/index.php?rest_route=\/wp\/v2\/media\/348985"}],"wp:attachment":[{"href":"https:\/\/archive.sana.sy\/es\/index.php?rest_route=%2Fwp%2Fv2%2Fmedia&parent=348984"}],"wp:term":[{"taxonomy":"category","embeddable":true,"href":"https:\/\/archive.sana.sy\/es\/index.php?rest_route=%2Fwp%2Fv2%2Fcategories&post=348984"},{"taxonomy":"post_tag","embeddable":true,"href":"https:\/\/archive.sana.sy\/es\/index.php?rest_route=%2Fwp%2Fv2%2Ftags&post=348984"}],"curies":[{"name":"wp","href":"https:\/\/api.w.org\/{rel}","templated":true}]}}