{"id":348995,"date":"2025-03-20T19:55:37","date_gmt":"2025-03-20T16:55:37","guid":{"rendered":"https:\/\/sana.sy\/es\/?p=348995"},"modified":"2025-03-20T19:55:37","modified_gmt":"2025-03-20T16:55:37","slug":"el-ministerio-de-salud-y-la-fundacion-de-desarrollo-aga-khan-analizan-formas-de-mejorar-los-servicios-medicos-prestados","status":"publish","type":"post","link":"https:\/\/archive.sana.sy\/es\/?p=348995","title":{"rendered":"El Ministerio de Salud y la Fundaci\u00f3n de Desarrollo \u201cAga Khan\u201d analizan formas de mejorar los servicios m\u00e9dicos prestados"},"content":{"rendered":"<p style=\"text-align: justify;\"><span style=\"color: #800000;\"><strong>Damasco, 20 mar (SANA)\u00a0<\/strong><\/span> El ministro interino de Salud, Maher Al-Sharaa, examin\u00f3 hoy con el representante residente de la Red de Desarrollo \u201cAga Khan\u201d en Siria, Ghatfan Ajoub, el estado del sector de la salud en Siria y las formas de mejorar los servicios m\u00e9dicos.<\/p>\n<p style=\"text-align: justify;\">Durante la reuni\u00f3n, celebrada en la sede del Ministerio en Damasco, ambas partes abordaron los mecanismos para ampliar las actividades de la referida instituci\u00f3n en hospitales y centros de salud en Siria, adem\u00e1s de trabajar en la educaci\u00f3n m\u00e9dica y la formaci\u00f3n del personal de salud.<\/p>\n<p style=\"text-align: justify;\">El funcionario sirio explic\u00f3 que se ha desarrollado un plan dentro del sector de salud, que abarca los servicios e instalaciones de atenci\u00f3n m\u00e9dica, apoya las especialidades m\u00e9dicas y de enfermer\u00eda y se esfuerza por brindar a los pacientes los mejores servicios m\u00e9dicos al menor costo.<\/p>\n<p style=\"text-align: justify;\">Por su parte, Ajoub afirm\u00f3 que la mencionada fundaci\u00f3n busca brindar apoyo al sector salud y trabajar con el Ministerio para mejorar los servicios m\u00e9dicos brindados a los pacientes a trav\u00e9s de varios proyectos que se implementar\u00e1n en el pr\u00f3ximo per\u00edodo.<\/p>\n","protected":false},"excerpt":{"rendered":"<p>Damasco, 20 mar (SANA)\u00a0 El ministro interino de Salud, Maher Al-Sharaa, examin\u00f3 hoy con el representante residente de la Red de Desarrollo \u201cAga Khan\u201d en Siria, Ghatfan Ajoub, el estado del sector de la salud en Siria y las formas de mejorar los servicios m\u00e9dicos. Durante la reuni\u00f3n, celebrada en la sede del Ministerio en &hellip;<\/p>\n","protected":false},"author":39,"featured_media":348996,"comment_status":"closed","ping_status":"closed","sticky":false,"template":"","format":"standard","meta":{"footnotes":""},"categories":[477,597,456,20724,476,467,7541],"tags":[],"class_list":["post-348995","post","type-post","status-publish","format-standard","has-post-thumbnail","","category-noticias-edulcorantes","category-cinta-de-noticias","category-arabe-internacional-politica","category-minuto-a-minuto","category-locales","category-siria-y-el-mundo","category-ultimas-noticias"],"_links":{"self":[{"href":"https:\/\/archive.sana.sy\/es\/index.php?rest_route=\/wp\/v2\/posts\/348995"}],"collection":[{"href":"https:\/\/archive.sana.sy\/es\/index.php?rest_route=\/wp\/v2\/posts"}],"about":[{"href":"https:\/\/archive.sana.sy\/es\/index.php?rest_route=\/wp\/v2\/types\/post"}],"author":[{"embeddable":true,"href":"https:\/\/archive.sana.sy\/es\/index.php?rest_route=\/wp\/v2\/users\/39"}],"replies":[{"embeddable":true,"href":"https:\/\/archive.sana.sy\/es\/index.php?rest_route=%2Fwp%2Fv2%2Fcomments&post=348995"}],"version-history":[{"count":1,"href":"https:\/\/archive.sana.sy\/es\/index.php?rest_route=\/wp\/v2\/posts\/348995\/revisions"}],"predecessor-version":[{"id":348997,"href":"https:\/\/archive.sana.sy\/es\/index.php?rest_route=\/wp\/v2\/posts\/348995\/revisions\/348997"}],"wp:featuredmedia":[{"embeddable":true,"href":"https:\/\/archive.sana.sy\/es\/index.php?rest_route=\/wp\/v2\/media\/348996"}],"wp:attachment":[{"href":"https:\/\/archive.sana.sy\/es\/index.php?rest_route=%2Fwp%2Fv2%2Fmedia&parent=348995"}],"wp:term":[{"taxonomy":"category","embeddable":true,"href":"https:\/\/archive.sana.sy\/es\/index.php?rest_route=%2Fwp%2Fv2%2Fcategories&post=348995"},{"taxonomy":"post_tag","embeddable":true,"href":"https:\/\/archive.sana.sy\/es\/index.php?rest_route=%2Fwp%2Fv2%2Ftags&post=348995"}],"curies":[{"name":"wp","href":"https:\/\/api.w.org\/{rel}","templated":true}]}}