{"id":349001,"date":"2025-03-21T09:02:58","date_gmt":"2025-03-21T06:02:58","guid":{"rendered":"https:\/\/sana.sy\/es\/?p=349001"},"modified":"2025-03-21T09:02:58","modified_gmt":"2025-03-21T06:02:58","slug":"gobernador-de-alepo-repasa-con-el-enviado-frances-el-fortalecimiento-de-la-cooperacion-bilateral","status":"publish","type":"post","link":"https:\/\/archive.sana.sy\/es\/?p=349001","title":{"rendered":"Gobernador de Alepo repasa con el enviado franc\u00e9s el fortalecimiento de la cooperaci\u00f3n bilateral"},"content":{"rendered":"<p style=\"text-align: justify;\"><span style=\"color: #800000;\"><strong>Alepo, 21 mar (SANA)\u00a0<\/strong><\/span> \u00a0El gobernador de Alepo, Azzam Al-Gharib, examin\u00f3 con el Enviado Especial de Francia a Siria, Jean-Fran\u00e7ois Guillaume, las formas de mejorar la cooperaci\u00f3n bilateral en las \u00e1reas de reconstrucci\u00f3n, desarrollo de infraestructura y apoyo humanitario.<\/p>\n<p style=\"text-align: justify;\"><img loading=\"lazy\" decoding=\"async\" class=\"size-medium wp-image-349003 alignright\" src=\"http:\/\/sana.sy\/es\/wp-content\/uploads\/2025\/03\/photo_3_2025-03-20_20-14-12-300x169.jpg\" alt=\"\" width=\"300\" height=\"169\" srcset=\"https:\/\/archive.sana.sy\/es\/wp-content\/uploads\/2025\/03\/photo_3_2025-03-20_20-14-12-300x169.jpg 300w, https:\/\/archive.sana.sy\/es\/wp-content\/uploads\/2025\/03\/photo_3_2025-03-20_20-14-12-1024x575.jpg 1024w, https:\/\/archive.sana.sy\/es\/wp-content\/uploads\/2025\/03\/photo_3_2025-03-20_20-14-12-150x84.jpg 150w, https:\/\/archive.sana.sy\/es\/wp-content\/uploads\/2025\/03\/photo_3_2025-03-20_20-14-12-768x431.jpg 768w, https:\/\/archive.sana.sy\/es\/wp-content\/uploads\/2025\/03\/photo_3_2025-03-20_20-14-12.jpg 1280w\" sizes=\"(max-width: 300px) 100vw, 300px\" \/><\/p>\n<p style=\"text-align: justify;\">Durante la reuni\u00f3n, se repasaron los \u00faltimos acontecimientos en la Gobernaci\u00f3n de Alepo, con enfoque en los mecanismos para reforzar el apoyo franc\u00e9s a los proyectos de desarrollo en la ciudad, lo que contribuir\u00eda a estabilizar la situaci\u00f3n.<\/p>\n<p style=\"text-align: justify;\">\n<p style=\"text-align: justify;\">Tambi\u00e9n, se analiz\u00f3 la reanudaci\u00f3n de las actividades del Consulado de Francia en Alepo una vez finalizadas las obras de restauraci\u00f3n en curso, tras su cierre en 2012 debido a la situaci\u00f3n de seguridad en ese momento.<\/p>\n<p style=\"text-align: justify;\">Ambas partes destacaron la importancia de desarrollar las relaciones bilaterales en el pr\u00f3ximo per\u00edodo por el beneficio de los intereses de los pueblos sirio y franc\u00e9s.<\/p>\n<p style=\"text-align: justify;\">\n<p style=\"text-align: justify;\">\n","protected":false},"excerpt":{"rendered":"<p>Alepo, 21 mar (SANA)\u00a0 \u00a0El gobernador de Alepo, Azzam Al-Gharib, examin\u00f3 con el Enviado Especial de Francia a Siria, Jean-Fran\u00e7ois Guillaume, las formas de mejorar la cooperaci\u00f3n bilateral en las \u00e1reas de reconstrucci\u00f3n, desarrollo de infraestructura y apoyo humanitario. Durante la reuni\u00f3n, se repasaron los \u00faltimos acontecimientos en la Gobernaci\u00f3n de Alepo, con enfoque en &hellip;<\/p>\n","protected":false},"author":39,"featured_media":349002,"comment_status":"closed","ping_status":"closed","sticky":false,"template":"","format":"standard","meta":{"footnotes":""},"categories":[477,597,20724,467,7541],"tags":[],"class_list":["post-349001","post","type-post","status-publish","format-standard","has-post-thumbnail","","category-noticias-edulcorantes","category-cinta-de-noticias","category-minuto-a-minuto","category-siria-y-el-mundo","category-ultimas-noticias"],"_links":{"self":[{"href":"https:\/\/archive.sana.sy\/es\/index.php?rest_route=\/wp\/v2\/posts\/349001"}],"collection":[{"href":"https:\/\/archive.sana.sy\/es\/index.php?rest_route=\/wp\/v2\/posts"}],"about":[{"href":"https:\/\/archive.sana.sy\/es\/index.php?rest_route=\/wp\/v2\/types\/post"}],"author":[{"embeddable":true,"href":"https:\/\/archive.sana.sy\/es\/index.php?rest_route=\/wp\/v2\/users\/39"}],"replies":[{"embeddable":true,"href":"https:\/\/archive.sana.sy\/es\/index.php?rest_route=%2Fwp%2Fv2%2Fcomments&post=349001"}],"version-history":[{"count":1,"href":"https:\/\/archive.sana.sy\/es\/index.php?rest_route=\/wp\/v2\/posts\/349001\/revisions"}],"predecessor-version":[{"id":349004,"href":"https:\/\/archive.sana.sy\/es\/index.php?rest_route=\/wp\/v2\/posts\/349001\/revisions\/349004"}],"wp:featuredmedia":[{"embeddable":true,"href":"https:\/\/archive.sana.sy\/es\/index.php?rest_route=\/wp\/v2\/media\/349002"}],"wp:attachment":[{"href":"https:\/\/archive.sana.sy\/es\/index.php?rest_route=%2Fwp%2Fv2%2Fmedia&parent=349001"}],"wp:term":[{"taxonomy":"category","embeddable":true,"href":"https:\/\/archive.sana.sy\/es\/index.php?rest_route=%2Fwp%2Fv2%2Fcategories&post=349001"},{"taxonomy":"post_tag","embeddable":true,"href":"https:\/\/archive.sana.sy\/es\/index.php?rest_route=%2Fwp%2Fv2%2Ftags&post=349001"}],"curies":[{"name":"wp","href":"https:\/\/api.w.org\/{rel}","templated":true}]}}