{"id":349005,"date":"2025-03-21T09:15:57","date_gmt":"2025-03-21T06:15:57","guid":{"rendered":"https:\/\/sana.sy\/es\/?p=349005"},"modified":"2025-03-21T09:15:57","modified_gmt":"2025-03-21T06:15:57","slug":"armenia-abre-sus-fronteras-con-turquia-para-entregar-ayuda-humanitaria-a-siria","status":"publish","type":"post","link":"https:\/\/archive.sana.sy\/es\/?p=349005","title":{"rendered":"Armenia abre sus fronteras con Turqu\u00eda para entregar ayuda humanitaria a Siria"},"content":{"rendered":"<p style=\"text-align: justify;\"><span style=\"color: #800000;\"><strong>Erev\u00e1n, 21 mar (SANA)\u00a0 <\/strong><\/span>El gobierno de Armenia anunci\u00f3 hoy la activaci\u00f3n del cruce fronterizo de Markara con Turqu\u00eda, a partir del 21 de marzo y hasta el 31 de marzo, para facilitar el traslado de env\u00edos de ayuda humanitaria a Siria, a trav\u00e9s de territorio turco.<\/p>\n<p style=\"text-align: justify;\"><img loading=\"lazy\" decoding=\"async\" class=\"size-medium wp-image-349007 alignright\" src=\"http:\/\/sana.sy\/es\/wp-content\/uploads\/2025\/03\/Untitled-3-3-300x168.jpg\" alt=\"\" width=\"300\" height=\"168\" srcset=\"https:\/\/archive.sana.sy\/es\/wp-content\/uploads\/2025\/03\/Untitled-3-3-300x168.jpg 300w, https:\/\/archive.sana.sy\/es\/wp-content\/uploads\/2025\/03\/Untitled-3-3-150x84.jpg 150w, https:\/\/archive.sana.sy\/es\/wp-content\/uploads\/2025\/03\/Untitled-3-3.jpg 660w\" sizes=\"(max-width: 300px) 100vw, 300px\" \/><\/p>\n<p style=\"text-align: justify;\">La agencia de noticias armenia Armenpress inform\u00f3 que la decisi\u00f3n del gobierno se produjo despu\u00e9s de reuniones de trabajo entre representantes de las administraciones pertinentes de Armenia y Siria, donde se acord\u00f3 debatir formas de proporcionar ayuda humanitaria directamente desde Armenia a Siria.<\/p>\n<p style=\"text-align: justify;\">La resoluci\u00f3n estipula \u201cla adopci\u00f3n de este proyecto responde a la necesidad de transportar la ayuda humanitaria enviada desde la Rep\u00fablica de Armenia a la Rep\u00fablica \u00c1rabe Siria, a trav\u00e9s de rutas terrestres que pasan por Turqu\u00eda\u201d.<\/p>\n<p style=\"text-align: justify;\">\n","protected":false},"excerpt":{"rendered":"<p>Erev\u00e1n, 21 mar (SANA)\u00a0 El gobierno de Armenia anunci\u00f3 hoy la activaci\u00f3n del cruce fronterizo de Markara con Turqu\u00eda, a partir del 21 de marzo y hasta el 31 de marzo, para facilitar el traslado de env\u00edos de ayuda humanitaria a Siria, a trav\u00e9s de territorio turco. La agencia de noticias armenia Armenpress inform\u00f3 que &hellip;<\/p>\n","protected":false},"author":39,"featured_media":349006,"comment_status":"closed","ping_status":"closed","sticky":false,"template":"","format":"standard","meta":{"footnotes":""},"categories":[597,456,20724,467,7541],"tags":[],"class_list":["post-349005","post","type-post","status-publish","format-standard","has-post-thumbnail","","category-cinta-de-noticias","category-arabe-internacional-politica","category-minuto-a-minuto","category-siria-y-el-mundo","category-ultimas-noticias"],"_links":{"self":[{"href":"https:\/\/archive.sana.sy\/es\/index.php?rest_route=\/wp\/v2\/posts\/349005"}],"collection":[{"href":"https:\/\/archive.sana.sy\/es\/index.php?rest_route=\/wp\/v2\/posts"}],"about":[{"href":"https:\/\/archive.sana.sy\/es\/index.php?rest_route=\/wp\/v2\/types\/post"}],"author":[{"embeddable":true,"href":"https:\/\/archive.sana.sy\/es\/index.php?rest_route=\/wp\/v2\/users\/39"}],"replies":[{"embeddable":true,"href":"https:\/\/archive.sana.sy\/es\/index.php?rest_route=%2Fwp%2Fv2%2Fcomments&post=349005"}],"version-history":[{"count":1,"href":"https:\/\/archive.sana.sy\/es\/index.php?rest_route=\/wp\/v2\/posts\/349005\/revisions"}],"predecessor-version":[{"id":349008,"href":"https:\/\/archive.sana.sy\/es\/index.php?rest_route=\/wp\/v2\/posts\/349005\/revisions\/349008"}],"wp:featuredmedia":[{"embeddable":true,"href":"https:\/\/archive.sana.sy\/es\/index.php?rest_route=\/wp\/v2\/media\/349006"}],"wp:attachment":[{"href":"https:\/\/archive.sana.sy\/es\/index.php?rest_route=%2Fwp%2Fv2%2Fmedia&parent=349005"}],"wp:term":[{"taxonomy":"category","embeddable":true,"href":"https:\/\/archive.sana.sy\/es\/index.php?rest_route=%2Fwp%2Fv2%2Fcategories&post=349005"},{"taxonomy":"post_tag","embeddable":true,"href":"https:\/\/archive.sana.sy\/es\/index.php?rest_route=%2Fwp%2Fv2%2Ftags&post=349005"}],"curies":[{"name":"wp","href":"https:\/\/api.w.org\/{rel}","templated":true}]}}