{"id":349009,"date":"2025-03-21T09:00:28","date_gmt":"2025-03-21T06:00:28","guid":{"rendered":"https:\/\/sana.sy\/es\/?p=349009"},"modified":"2025-03-21T10:43:49","modified_gmt":"2025-03-21T07:43:49","slug":"ministra-de-asuntos-exteriores-alemana-la-apertura-de-nuestra-embajada-en-damasco-significa-un-compromiso-a-largo-plazo-con-siria-y-brindaremos-apoyo-politico-y-economico","status":"publish","type":"post","link":"https:\/\/archive.sana.sy\/es\/?p=349009","title":{"rendered":"Ministra de Asuntos Exteriores alemana: La apertura de nuestra embajada en Damasco significa un compromiso a largo plazo con Siria y brindaremos apoyo pol\u00edtico y econ\u00f3mico"},"content":{"rendered":"<p style=\"text-align: justify;\"><span style=\"color: #800000;\"><strong>Damasco, 21 mar (SANA)\u00a0<\/strong><\/span> La ministra alemana de Asuntos Exteriores, Annalena Baerbock, afirm\u00f3 que la apertura oficial de la embajada alemana en Damasco hoy refleja un compromiso a largo plazo con Siria y que el personal all\u00ed se ampliar\u00e1 gradualmente, y se\u00f1al\u00f3 que Alemania apoya el proceso pol\u00edtico en Siria para lograr la paz para todos sus ciudadanos.<\/p>\n<p style=\"text-align: justify;\"><img loading=\"lazy\" decoding=\"async\" class=\"size-medium wp-image-349012 alignright\" src=\"http:\/\/sana.sy\/es\/wp-content\/uploads\/2025\/03\/11-11-300x200.jpg\" alt=\"\" width=\"300\" height=\"200\" srcset=\"https:\/\/archive.sana.sy\/es\/wp-content\/uploads\/2025\/03\/11-11-300x200.jpg 300w, https:\/\/archive.sana.sy\/es\/wp-content\/uploads\/2025\/03\/11-11-150x100.jpg 150w, https:\/\/archive.sana.sy\/es\/wp-content\/uploads\/2025\/03\/11-11.jpg 660w\" sizes=\"(max-width: 300px) 100vw, 300px\" \/><\/p>\n<p style=\"text-align: justify;\">Durante una conferencia de prensa celebrada ayer en Damasco, Baerbock explic\u00f3 que su pa\u00eds apoyar\u00e1 a Siria pol\u00edtica y econ\u00f3micamente y que estar\u00e1 al lado del pueblo sirio, e indic\u00f3 que se han dado los primeros pasos hacia la unificaci\u00f3n del pa\u00eds y que los pasos posteriores se lograr\u00e1n en colaboraci\u00f3n con todos los sectores de la sociedad.<\/p>\n<p style=\"text-align: justify;\">Adem\u00e1s, detall\u00f3 que su pa\u00eds prometi\u00f3 donar 300 millones de euros en la conferencia de Bruselas como parte de sus esfuerzos por lograr la estabilidad econ\u00f3mica en Siria, y que el pueblo sirio necesita apoyo y reconstrucci\u00f3n.<\/p>\n<p style=\"text-align: justify;\">Enfatiz\u00f3 que el proceso pol\u00edtico del pa\u00eds debe incluir a todos los componentes, sectas y etnias antes de que los refugiados puedan regresar, y que Siria debe pertenecer a todos los sirios.<\/p>\n<p style=\"text-align: justify;\"><img loading=\"lazy\" decoding=\"async\" class=\"size-medium wp-image-349013 alignright\" src=\"http:\/\/sana.sy\/es\/wp-content\/uploads\/2025\/03\/33-8-300x200.jpg\" alt=\"\" width=\"300\" height=\"200\" srcset=\"https:\/\/archive.sana.sy\/es\/wp-content\/uploads\/2025\/03\/33-8-300x200.jpg 300w, https:\/\/archive.sana.sy\/es\/wp-content\/uploads\/2025\/03\/33-8-150x100.jpg 150w, https:\/\/archive.sana.sy\/es\/wp-content\/uploads\/2025\/03\/33-8.jpg 660w\" sizes=\"(max-width: 300px) 100vw, 300px\" \/><\/p>\n<p style=\"text-align: justify;\">Se\u00f1al\u00f3 que Ir\u00e1n es uno de los principales responsables de la violaci\u00f3n de la soberan\u00eda siria y est\u00e1 implicado en los recientes sucesos en la costa siria, y anunci\u00f3 que su pa\u00eds ha instado al gobierno a procesar a los responsables de los cr\u00edmenes y a exigir responsabilidades a quienes participaron en la reciente violencia en las provincias costeras de Siria.<\/p>\n<p style=\"text-align: justify;\">Se\u00f1al\u00f3 que Ir\u00e1n es uno de los principales responsables de la violaci\u00f3n de la soberan\u00eda siria y est\u00e1 implicado en los recientes sucesos en la costa siria, y anunci\u00f3 que su pa\u00eds inst\u00f3 al gobierno a procesar a los responsables de los cr\u00edmenes y a exigir responsabilidades a quienes participaron en la reciente violencia en las provincias costeras de Siria.<\/p>\n<p style=\"text-align: justify;\">Respecto de los ataques israel\u00edes al territorio sirio, la jefa de la diplomacia alemana subray\u00f3 la necesidad de que Israel respete el derecho internacional, se\u00f1alando que los ataques a Siria y su territorio amenazan la estabilidad y contravienen el derecho internacional.<\/p>\n<div id='gallery-1' class='gallery galleryid-349009 gallery-columns-1 gallery-size-full'><figure class='gallery-item'>\n\t\t\t<div class='gallery-icon landscape'>\n\t\t\t\t<a href='https:\/\/archive.sana.sy\/es\/?attachment_id=349011'><img loading=\"lazy\" decoding=\"async\" width=\"660\" height=\"440\" src=\"https:\/\/archive.sana.sy\/es\/wp-content\/uploads\/2025\/03\/55-8.jpg\" class=\"attachment-full size-full\" alt=\"\" srcset=\"https:\/\/archive.sana.sy\/es\/wp-content\/uploads\/2025\/03\/55-8.jpg 660w, https:\/\/archive.sana.sy\/es\/wp-content\/uploads\/2025\/03\/55-8-300x200.jpg 300w, https:\/\/archive.sana.sy\/es\/wp-content\/uploads\/2025\/03\/55-8-150x100.jpg 150w\" sizes=\"(max-width: 660px) 100vw, 660px\" \/><\/a>\n\t\t\t<\/div><\/figure>\n\t\t<\/div>\n\n","protected":false},"excerpt":{"rendered":"<p>Damasco, 21 mar (SANA)\u00a0 La ministra alemana de Asuntos Exteriores, Annalena Baerbock, afirm\u00f3 que la apertura oficial de la embajada alemana en Damasco hoy refleja un compromiso a largo plazo con Siria y que el personal all\u00ed se ampliar\u00e1 gradualmente, y se\u00f1al\u00f3 que Alemania apoya el proceso pol\u00edtico en Siria para lograr la paz para &hellip;<\/p>\n","protected":false},"author":39,"featured_media":349010,"comment_status":"closed","ping_status":"closed","sticky":false,"template":"","format":"standard","meta":{"footnotes":""},"categories":[597,456,20724,467,7541],"tags":[],"class_list":["post-349009","post","type-post","status-publish","format-standard","has-post-thumbnail","","category-cinta-de-noticias","category-arabe-internacional-politica","category-minuto-a-minuto","category-siria-y-el-mundo","category-ultimas-noticias"],"_links":{"self":[{"href":"https:\/\/archive.sana.sy\/es\/index.php?rest_route=\/wp\/v2\/posts\/349009"}],"collection":[{"href":"https:\/\/archive.sana.sy\/es\/index.php?rest_route=\/wp\/v2\/posts"}],"about":[{"href":"https:\/\/archive.sana.sy\/es\/index.php?rest_route=\/wp\/v2\/types\/post"}],"author":[{"embeddable":true,"href":"https:\/\/archive.sana.sy\/es\/index.php?rest_route=\/wp\/v2\/users\/39"}],"replies":[{"embeddable":true,"href":"https:\/\/archive.sana.sy\/es\/index.php?rest_route=%2Fwp%2Fv2%2Fcomments&post=349009"}],"version-history":[{"count":1,"href":"https:\/\/archive.sana.sy\/es\/index.php?rest_route=\/wp\/v2\/posts\/349009\/revisions"}],"predecessor-version":[{"id":349014,"href":"https:\/\/archive.sana.sy\/es\/index.php?rest_route=\/wp\/v2\/posts\/349009\/revisions\/349014"}],"wp:featuredmedia":[{"embeddable":true,"href":"https:\/\/archive.sana.sy\/es\/index.php?rest_route=\/wp\/v2\/media\/349010"}],"wp:attachment":[{"href":"https:\/\/archive.sana.sy\/es\/index.php?rest_route=%2Fwp%2Fv2%2Fmedia&parent=349009"}],"wp:term":[{"taxonomy":"category","embeddable":true,"href":"https:\/\/archive.sana.sy\/es\/index.php?rest_route=%2Fwp%2Fv2%2Fcategories&post=349009"},{"taxonomy":"post_tag","embeddable":true,"href":"https:\/\/archive.sana.sy\/es\/index.php?rest_route=%2Fwp%2Fv2%2Ftags&post=349009"}],"curies":[{"name":"wp","href":"https:\/\/api.w.org\/{rel}","templated":true}]}}