{"id":349038,"date":"2025-03-21T19:37:56","date_gmt":"2025-03-21T16:37:56","guid":{"rendered":"https:\/\/sana.sy\/es\/?p=349038"},"modified":"2025-03-21T19:38:42","modified_gmt":"2025-03-21T16:38:42","slug":"gobernador-de-alepo-visita-la-exposicion-ecos-de-libertad","status":"publish","type":"post","link":"https:\/\/archive.sana.sy\/es\/?p=349038","title":{"rendered":"Gobernador de Alepo visita la exposici\u00f3n &#8220;Ecos de Libertad&#8221;"},"content":{"rendered":"<blockquote>\n<p style=\"text-align: justify;\"><span style=\"color: #993300;\">La exposici\u00f3n destaca la creatividad art\u00edstica como medio para expresar cuestiones de libertad y lucha.<\/span><\/p>\n<\/blockquote>\n<p style=\"text-align: justify;\"><span style=\"color: #800000;\"><strong>Alepo, 21 mar (SANA)<\/strong> <\/span>El gobernador de Alepo, Azzam Al-Gharib, visit\u00f3 la exposici\u00f3n Ecos de Libertad organizada por la Oficina de la Juventud para los Asuntos Pol\u00edticos.<\/p>\n<p style=\"text-align: justify;\"><img loading=\"lazy\" decoding=\"async\" class=\"size-full wp-image-349041 alignright\" src=\"http:\/\/sana.sy\/es\/wp-content\/uploads\/2025\/03\/\u0635\u062f\u0649-1-300x169-2.jpg\" alt=\"\" width=\"300\" height=\"169\" srcset=\"https:\/\/archive.sana.sy\/es\/wp-content\/uploads\/2025\/03\/\u0635\u062f\u0649-1-300x169-2.jpg 300w, https:\/\/archive.sana.sy\/es\/wp-content\/uploads\/2025\/03\/\u0635\u062f\u0649-1-300x169-2-150x85.jpg 150w\" sizes=\"(max-width: 300px) 100vw, 300px\" \/>La gobernaci\u00f3n inform\u00f3 en su canal de Telegram que Al-Gharib elogi\u00f3 la actuaci\u00f3n de la banda patrimonial &#8220;Rabrin&#8221; y encomi\u00f3 la participaci\u00f3n art\u00edstica en la exhibici\u00f3n.<\/p>\n<p style=\"text-align: justify;\">La exposici\u00f3n destaca la creatividad art\u00edstica como medio para expresar cuestiones de libertad y lucha.<\/p>\n","protected":false},"excerpt":{"rendered":"<p>La exposici\u00f3n destaca la creatividad art\u00edstica como medio para expresar cuestiones de libertad y lucha. Alepo, 21 mar (SANA) El gobernador de Alepo, Azzam Al-Gharib, visit\u00f3 la exposici\u00f3n Ecos de Libertad organizada por la Oficina de la Juventud para los Asuntos Pol\u00edticos. La gobernaci\u00f3n inform\u00f3 en su canal de Telegram que Al-Gharib elogi\u00f3 la actuaci\u00f3n &hellip;<\/p>\n","protected":false},"author":43,"featured_media":349039,"comment_status":"closed","ping_status":"closed","sticky":false,"template":"","format":"standard","meta":{"footnotes":""},"categories":[597,510,20724,476,515,7541],"tags":[],"class_list":["post-349038","post","type-post","status-publish","format-standard","has-post-thumbnail","","category-cinta-de-noticias","category-arte-y-cultura","category-minuto-a-minuto","category-locales","category-noticias-arte-y-cultura","category-ultimas-noticias"],"_links":{"self":[{"href":"https:\/\/archive.sana.sy\/es\/index.php?rest_route=\/wp\/v2\/posts\/349038"}],"collection":[{"href":"https:\/\/archive.sana.sy\/es\/index.php?rest_route=\/wp\/v2\/posts"}],"about":[{"href":"https:\/\/archive.sana.sy\/es\/index.php?rest_route=\/wp\/v2\/types\/post"}],"author":[{"embeddable":true,"href":"https:\/\/archive.sana.sy\/es\/index.php?rest_route=\/wp\/v2\/users\/43"}],"replies":[{"embeddable":true,"href":"https:\/\/archive.sana.sy\/es\/index.php?rest_route=%2Fwp%2Fv2%2Fcomments&post=349038"}],"version-history":[{"count":1,"href":"https:\/\/archive.sana.sy\/es\/index.php?rest_route=\/wp\/v2\/posts\/349038\/revisions"}],"predecessor-version":[{"id":349042,"href":"https:\/\/archive.sana.sy\/es\/index.php?rest_route=\/wp\/v2\/posts\/349038\/revisions\/349042"}],"wp:featuredmedia":[{"embeddable":true,"href":"https:\/\/archive.sana.sy\/es\/index.php?rest_route=\/wp\/v2\/media\/349039"}],"wp:attachment":[{"href":"https:\/\/archive.sana.sy\/es\/index.php?rest_route=%2Fwp%2Fv2%2Fmedia&parent=349038"}],"wp:term":[{"taxonomy":"category","embeddable":true,"href":"https:\/\/archive.sana.sy\/es\/index.php?rest_route=%2Fwp%2Fv2%2Fcategories&post=349038"},{"taxonomy":"post_tag","embeddable":true,"href":"https:\/\/archive.sana.sy\/es\/index.php?rest_route=%2Fwp%2Fv2%2Ftags&post=349038"}],"curies":[{"name":"wp","href":"https:\/\/api.w.org\/{rel}","templated":true}]}}