{"id":349043,"date":"2025-03-21T19:51:27","date_gmt":"2025-03-21T16:51:27","guid":{"rendered":"https:\/\/sana.sy\/es\/?p=349043"},"modified":"2025-03-22T13:24:38","modified_gmt":"2025-03-22T10:24:38","slug":"con-motivo-del-dia-de-las-madres-el-ministro-de-asuntos-exteriores-asaad-al-sheibani-escribio-en-x","status":"publish","type":"post","link":"https:\/\/archive.sana.sy\/es\/?p=349043","title":{"rendered":"Canciller sirio felicita a las madres por su D\u00eda"},"content":{"rendered":"<p style=\"text-align: justify;\">Con motivo del D\u00eda de las Madres, el ministro de Asuntos Exteriores, Asaad Al-Sheibani escribi\u00f3 en X:<\/p>\n<p style=\"text-align: justify;\">&#8220;En este d\u00eda, recordamos a las grandes madres sirias, que enterraron a sus hijos o esperan las noticias de sus familiares desaparecidos, las que soportaron un dolor indescriptible en la oscuridad de la tiran\u00eda de Assad. Vosotras sois el esp\u00edritu de nuestro pa\u00eds y el faro de nuestra firmeza. Os prometimos que volver\u00edamos a convertir a Siria en un faro de justicia y que vuestros sacrificios no ser\u00edan en vano&#8221;.<\/p>\n","protected":false},"excerpt":{"rendered":"<p>Con motivo del D\u00eda de las Madres, el ministro de Asuntos Exteriores, Asaad Al-Sheibani escribi\u00f3 en X: &#8220;En este d\u00eda, recordamos a las grandes madres sirias, que enterraron a sus hijos o esperan las noticias de sus familiares desaparecidos, las que soportaron un dolor indescriptible en la oscuridad de la tiran\u00eda de Assad. Vosotras sois &hellip;<\/p>\n","protected":false},"author":43,"featured_media":349044,"comment_status":"closed","ping_status":"closed","sticky":false,"template":"","format":"standard","meta":{"footnotes":""},"categories":[597,20724,476,7541],"tags":[],"class_list":["post-349043","post","type-post","status-publish","format-standard","has-post-thumbnail","","category-cinta-de-noticias","category-minuto-a-minuto","category-locales","category-ultimas-noticias"],"_links":{"self":[{"href":"https:\/\/archive.sana.sy\/es\/index.php?rest_route=\/wp\/v2\/posts\/349043"}],"collection":[{"href":"https:\/\/archive.sana.sy\/es\/index.php?rest_route=\/wp\/v2\/posts"}],"about":[{"href":"https:\/\/archive.sana.sy\/es\/index.php?rest_route=\/wp\/v2\/types\/post"}],"author":[{"embeddable":true,"href":"https:\/\/archive.sana.sy\/es\/index.php?rest_route=\/wp\/v2\/users\/43"}],"replies":[{"embeddable":true,"href":"https:\/\/archive.sana.sy\/es\/index.php?rest_route=%2Fwp%2Fv2%2Fcomments&post=349043"}],"version-history":[{"count":3,"href":"https:\/\/archive.sana.sy\/es\/index.php?rest_route=\/wp\/v2\/posts\/349043\/revisions"}],"predecessor-version":[{"id":349057,"href":"https:\/\/archive.sana.sy\/es\/index.php?rest_route=\/wp\/v2\/posts\/349043\/revisions\/349057"}],"wp:featuredmedia":[{"embeddable":true,"href":"https:\/\/archive.sana.sy\/es\/index.php?rest_route=\/wp\/v2\/media\/349044"}],"wp:attachment":[{"href":"https:\/\/archive.sana.sy\/es\/index.php?rest_route=%2Fwp%2Fv2%2Fmedia&parent=349043"}],"wp:term":[{"taxonomy":"category","embeddable":true,"href":"https:\/\/archive.sana.sy\/es\/index.php?rest_route=%2Fwp%2Fv2%2Fcategories&post=349043"},{"taxonomy":"post_tag","embeddable":true,"href":"https:\/\/archive.sana.sy\/es\/index.php?rest_route=%2Fwp%2Fv2%2Ftags&post=349043"}],"curies":[{"name":"wp","href":"https:\/\/api.w.org\/{rel}","templated":true}]}}