{"id":349058,"date":"2025-03-22T14:04:45","date_gmt":"2025-03-22T11:04:45","guid":{"rendered":"https:\/\/sana.sy\/es\/?p=349058"},"modified":"2025-03-22T14:04:57","modified_gmt":"2025-03-22T11:04:57","slug":"turquia-apoyara-los-sectores-de-transporte-y-telecomunicaciones-en-siria-afirma-uraloglu","status":"publish","type":"post","link":"https:\/\/archive.sana.sy\/es\/?p=349058","title":{"rendered":"Turqu\u00eda apoyar\u00e1 los sectores de transporte y telecomunicaciones en Siria, afirma Uraloglu"},"content":{"rendered":"<p style=\"text-align: justify;\"><span style=\"color: #800000;\">Ankara, 22 mar (SANA)<\/span>\u00a0 El ministro de Transporte e Infraestructura de Turqu\u00eda, Abdulkadir Uraloglu, present\u00f3 un plan integral de apoyo turco a los sectores de transporte y telecomunicaciones en Siria.<\/p>\n<p style=\"text-align: justify;\">En una reuni\u00f3n del Comit\u00e9 Central del Partido de Justicia y Desarrollo, Uraloglu explic\u00f3 que el plan incluye revisar la estructura de los departamentos de transporte, comunicaciones y telecomunicaciones de Siria, as\u00ed como identificar las necesidades de desarrollo en estos sectores.<\/p>\n<p style=\"text-align: justify;\">El titular turco declar\u00f3 que se enviar\u00e1n especialistas en este \u00e1mbito a Siria para proporcionar todo tipo de apoyo t\u00e9cnico y log\u00edstico, as\u00ed como para eliminar deficiencias en los aeropuertos de Damasco y Alepo, y prestar apoyo en el mantenimiento y reparaci\u00f3n de aeronaves.<\/p>\n","protected":false},"excerpt":{"rendered":"<p>Ankara, 22 mar (SANA)\u00a0 El ministro de Transporte e Infraestructura de Turqu\u00eda, Abdulkadir Uraloglu, present\u00f3 un plan integral de apoyo turco a los sectores de transporte y telecomunicaciones en Siria. En una reuni\u00f3n del Comit\u00e9 Central del Partido de Justicia y Desarrollo, Uraloglu explic\u00f3 que el plan incluye revisar la estructura de los departamentos de &hellip;<\/p>\n","protected":false},"author":32,"featured_media":349059,"comment_status":"closed","ping_status":"closed","sticky":false,"template":"","format":"standard","meta":{"footnotes":""},"categories":[597,20724,467,7541],"tags":[],"class_list":["post-349058","post","type-post","status-publish","format-standard","has-post-thumbnail","","category-cinta-de-noticias","category-minuto-a-minuto","category-siria-y-el-mundo","category-ultimas-noticias"],"_links":{"self":[{"href":"https:\/\/archive.sana.sy\/es\/index.php?rest_route=\/wp\/v2\/posts\/349058"}],"collection":[{"href":"https:\/\/archive.sana.sy\/es\/index.php?rest_route=\/wp\/v2\/posts"}],"about":[{"href":"https:\/\/archive.sana.sy\/es\/index.php?rest_route=\/wp\/v2\/types\/post"}],"author":[{"embeddable":true,"href":"https:\/\/archive.sana.sy\/es\/index.php?rest_route=\/wp\/v2\/users\/32"}],"replies":[{"embeddable":true,"href":"https:\/\/archive.sana.sy\/es\/index.php?rest_route=%2Fwp%2Fv2%2Fcomments&post=349058"}],"version-history":[{"count":2,"href":"https:\/\/archive.sana.sy\/es\/index.php?rest_route=\/wp\/v2\/posts\/349058\/revisions"}],"predecessor-version":[{"id":349061,"href":"https:\/\/archive.sana.sy\/es\/index.php?rest_route=\/wp\/v2\/posts\/349058\/revisions\/349061"}],"wp:featuredmedia":[{"embeddable":true,"href":"https:\/\/archive.sana.sy\/es\/index.php?rest_route=\/wp\/v2\/media\/349059"}],"wp:attachment":[{"href":"https:\/\/archive.sana.sy\/es\/index.php?rest_route=%2Fwp%2Fv2%2Fmedia&parent=349058"}],"wp:term":[{"taxonomy":"category","embeddable":true,"href":"https:\/\/archive.sana.sy\/es\/index.php?rest_route=%2Fwp%2Fv2%2Fcategories&post=349058"},{"taxonomy":"post_tag","embeddable":true,"href":"https:\/\/archive.sana.sy\/es\/index.php?rest_route=%2Fwp%2Fv2%2Ftags&post=349058"}],"curies":[{"name":"wp","href":"https:\/\/api.w.org\/{rel}","templated":true}]}}