{"id":34915,"date":"2015-12-09T20:43:13","date_gmt":"2015-12-09T18:43:13","guid":{"rendered":"http:\/\/www.sana.sy\/es\/?p=34915"},"modified":"2015-12-09T20:43:13","modified_gmt":"2015-12-09T18:43:13","slug":"hezbola-mata-a-un-lider-del-frente-al-nusra-en-la-frontera-con-siria","status":"publish","type":"post","link":"https:\/\/archive.sana.sy\/es\/?p=34915","title":{"rendered":"Hezbol\u00e1 mata a un l\u00edder del Frente Al-Nusra en la frontera con Siria"},"content":{"rendered":"<p style=\"text-align: justify\"><span style=\"color: #800000\">Beirut, SANA<\/span>&#8211; Los combatientes del Movimiento de la Resistencia Isl\u00e1mica de El L\u00edbano (Hezbol\u00e1) han matado a un cabecilla del Frente Al-Nusra en la frontera con Siria.<\/p>\n<p style=\"text-align: justify\">&#8220;Los miembros de Hezbol\u00e1 han atacado un convoy militar de Al-Nusra en la localidad de Al-Jalil, en la ciudad fronteriza de Arsal (noreste de El L\u00edbano), una operaci\u00f3n que ha causado la muerte de Abu Feras y ocho de sus compinches&#8221;, ha informado este mi\u00e9rcoles la televisi\u00f3n libanesa Almanar.<\/p>\n<p style=\"text-align: justify\">El grupo terrorista Frente Al-Nusra, rama de Al-Qaeda en Siria, ha confirmado con un mensaje emitido en las redes sociales la muerte de su cabecilla en enfrentamientos con Hezbol\u00e1.<\/p>\n<p style=\"text-align: justify\">Abu Feras, que lideraba el grupo extremista Brigadas de Al-Qalamun, jur\u00f3 recientemente lealtad al Frente Al-Nusra junto con 70 de sus secuaces, informa el movimiento liban\u00e9s.<\/p>\n<p style=\"text-align: justify\">Adem\u00e1s, en otro ataque similar, los combatientes de Hezbol\u00e1 han lanzado proyectiles de mortero contra un escondite de los integrantes del grupo terrorista (Daesh) en Wadi Mira, una localidad al este de Ras Baalbek, en la provincia de Bekaa (este), y han dejado heridos a varios de ellos.<\/p>\n<p style=\"text-align: justify\">Por su parte, el Ej\u00e9rcito de El L\u00edbano ha atacado con cohetes las posiciones de los grupos armados en Arsal, logrando da\u00f1ar sus equipamientos y dejando varios heridos en las filas de los terroristas.<\/p>\n<p>M.Miri<\/p>\n","protected":false},"excerpt":{"rendered":"<p>Beirut, SANA&#8211; Los combatientes del Movimiento de la Resistencia Isl\u00e1mica de El L\u00edbano (Hezbol\u00e1) han matado a un cabecilla del Frente Al-Nusra en la frontera con Siria. &#8220;Los miembros de Hezbol\u00e1 han atacado un convoy militar de Al-Nusra en la localidad de Al-Jalil, en la ciudad fronteriza de Arsal (noreste de El L\u00edbano), una operaci\u00f3n &hellip;<\/p>\n","protected":false},"author":1,"featured_media":24680,"comment_status":"closed","ping_status":"closed","sticky":false,"template":"","format":"standard","meta":{"footnotes":""},"categories":[456,457,7541],"tags":[7561],"class_list":["post-34915","post","type-post","status-publish","format-standard","has-post-thumbnail","","category-arabe-internacional-politica","category-noticias-arabe-internacional-politica","category-ultimas-noticias","tag-hezbola-mata-a-un-lider-del-frente-al-nusra-en-la-frontera-con-siria"],"_links":{"self":[{"href":"https:\/\/archive.sana.sy\/es\/index.php?rest_route=\/wp\/v2\/posts\/34915"}],"collection":[{"href":"https:\/\/archive.sana.sy\/es\/index.php?rest_route=\/wp\/v2\/posts"}],"about":[{"href":"https:\/\/archive.sana.sy\/es\/index.php?rest_route=\/wp\/v2\/types\/post"}],"author":[{"embeddable":true,"href":"https:\/\/archive.sana.sy\/es\/index.php?rest_route=\/wp\/v2\/users\/1"}],"replies":[{"embeddable":true,"href":"https:\/\/archive.sana.sy\/es\/index.php?rest_route=%2Fwp%2Fv2%2Fcomments&post=34915"}],"version-history":[{"count":0,"href":"https:\/\/archive.sana.sy\/es\/index.php?rest_route=\/wp\/v2\/posts\/34915\/revisions"}],"wp:featuredmedia":[{"embeddable":true,"href":"https:\/\/archive.sana.sy\/es\/index.php?rest_route=\/wp\/v2\/media\/24680"}],"wp:attachment":[{"href":"https:\/\/archive.sana.sy\/es\/index.php?rest_route=%2Fwp%2Fv2%2Fmedia&parent=34915"}],"wp:term":[{"taxonomy":"category","embeddable":true,"href":"https:\/\/archive.sana.sy\/es\/index.php?rest_route=%2Fwp%2Fv2%2Fcategories&post=34915"},{"taxonomy":"post_tag","embeddable":true,"href":"https:\/\/archive.sana.sy\/es\/index.php?rest_route=%2Fwp%2Fv2%2Ftags&post=34915"}],"curies":[{"name":"wp","href":"https:\/\/api.w.org\/{rel}","templated":true}]}}