{"id":349235,"date":"2025-03-24T19:44:08","date_gmt":"2025-03-24T16:44:08","guid":{"rendered":"https:\/\/sana.sy\/es\/?p=349235"},"modified":"2025-03-24T19:48:53","modified_gmt":"2025-03-24T16:48:53","slug":"canciller-sirio-califica-a-idlib-como-la-capital-de-la-revolucion","status":"publish","type":"post","link":"https:\/\/archive.sana.sy\/es\/?p=349235","title":{"rendered":"Canciller sirio califica a Idlib como la capital de la Revoluci\u00f3n"},"content":{"rendered":"<p style=\"text-align: justify;\"><span style=\"color: #800000;\"><strong>Damasco, 24 mar (SANA)<\/strong><\/span> El ministro de Asuntos Exteriores, Asaad Al-Sheibani escribi\u00f3 en X:<\/p>\n<p style=\"text-align: justify;\">\u201cIdlib es el coraz\u00f3n y alma de la Revoluci\u00f3n, es el refugio de la libertad. Sus olivos contar\u00e1n historias de resiliencia, generaci\u00f3n tras generaci\u00f3n. Fue un refugio contra la decadencia y una plataforma de partida hacia la liberaci\u00f3n, y seguir\u00e1 siendo la capital de la Revoluci\u00f3n Siria\u201d.<\/p>\n","protected":false},"excerpt":{"rendered":"<p>Damasco, 24 mar (SANA) El ministro de Asuntos Exteriores, Asaad Al-Sheibani escribi\u00f3 en X: \u201cIdlib es el coraz\u00f3n y alma de la Revoluci\u00f3n, es el refugio de la libertad. Sus olivos contar\u00e1n historias de resiliencia, generaci\u00f3n tras generaci\u00f3n. Fue un refugio contra la decadencia y una plataforma de partida hacia la liberaci\u00f3n, y seguir\u00e1 siendo &hellip;<\/p>\n","protected":false},"author":43,"featured_media":349236,"comment_status":"closed","ping_status":"closed","sticky":false,"template":"","format":"standard","meta":{"footnotes":""},"categories":[597,20724,476,7541],"tags":[],"class_list":["post-349235","post","type-post","status-publish","format-standard","has-post-thumbnail","","category-cinta-de-noticias","category-minuto-a-minuto","category-locales","category-ultimas-noticias"],"_links":{"self":[{"href":"https:\/\/archive.sana.sy\/es\/index.php?rest_route=\/wp\/v2\/posts\/349235"}],"collection":[{"href":"https:\/\/archive.sana.sy\/es\/index.php?rest_route=\/wp\/v2\/posts"}],"about":[{"href":"https:\/\/archive.sana.sy\/es\/index.php?rest_route=\/wp\/v2\/types\/post"}],"author":[{"embeddable":true,"href":"https:\/\/archive.sana.sy\/es\/index.php?rest_route=\/wp\/v2\/users\/43"}],"replies":[{"embeddable":true,"href":"https:\/\/archive.sana.sy\/es\/index.php?rest_route=%2Fwp%2Fv2%2Fcomments&post=349235"}],"version-history":[{"count":3,"href":"https:\/\/archive.sana.sy\/es\/index.php?rest_route=\/wp\/v2\/posts\/349235\/revisions"}],"predecessor-version":[{"id":349239,"href":"https:\/\/archive.sana.sy\/es\/index.php?rest_route=\/wp\/v2\/posts\/349235\/revisions\/349239"}],"wp:featuredmedia":[{"embeddable":true,"href":"https:\/\/archive.sana.sy\/es\/index.php?rest_route=\/wp\/v2\/media\/349236"}],"wp:attachment":[{"href":"https:\/\/archive.sana.sy\/es\/index.php?rest_route=%2Fwp%2Fv2%2Fmedia&parent=349235"}],"wp:term":[{"taxonomy":"category","embeddable":true,"href":"https:\/\/archive.sana.sy\/es\/index.php?rest_route=%2Fwp%2Fv2%2Fcategories&post=349235"},{"taxonomy":"post_tag","embeddable":true,"href":"https:\/\/archive.sana.sy\/es\/index.php?rest_route=%2Fwp%2Fv2%2Ftags&post=349235"}],"curies":[{"name":"wp","href":"https:\/\/api.w.org\/{rel}","templated":true}]}}