{"id":34924,"date":"2015-12-10T16:39:23","date_gmt":"2015-12-10T14:39:23","guid":{"rendered":"http:\/\/sana.sy\/es\/?p=34924"},"modified":"2015-12-10T19:28:49","modified_gmt":"2015-12-10T17:28:49","slug":"shaaban-cooperacion-en-la-lucha-contra-el-terrorismo-fortifico-las-relaciones-sirio-rusas","status":"publish","type":"post","link":"https:\/\/archive.sana.sy\/es\/?p=34924","title":{"rendered":"Shaaban: cooperaci\u00f3n en la lucha contra el terrorismo fortific\u00f3 las relaciones sirio-rusas"},"content":{"rendered":"<p><span style=\"color: #800000\">Damasco, SANA<\/span><\/p>\n<p>La Asesora Pol\u00edtica y de Medios de Comunicaci\u00f3n de la Presidencia de la Rep\u00fablica, Bouzeina Shaaban, subray\u00f3 que las s\u00f3lidas relaciones entre Siria y Rusia han presenciado un desarrollo cualitativo despu\u00e9s de la cooperaci\u00f3n en la lucha contra el terrorismo, se\u00f1alando que la aceleraci\u00f3n de los acontecimientos en la regi\u00f3n y el mundo han mostrado las cosas por lo que son, sobre todo despu\u00e9s del incidente del derribo del bombardero ruso por parte de Turqu\u00eda.<\/p>\n<p>En una entrevista concedida a la televisi\u00f3n siria ayer el mi\u00e9rcoles, Shaaban dijo que &#8220;la historia de Rusia en la regi\u00f3n es la de un aliado y no es la de un ocupante como lo es EE.UU&#8221;.<\/p>\n<p>La asesora presidencial se\u00f1al\u00f3 que el pueblo ruso sufri\u00f3 conmoci\u00f3n e indignaci\u00f3n como resultado del acto idiota de Turqu\u00eda de derribar al avi\u00f3n militar ruso que llevaba a cabo tareas en la lucha contra el terrorismo, y precis\u00f3 que &#8220;nosotros en Siria no nos sorprende este acto despu\u00e9s de cinco a\u00f1os de las continuas agresiones turcas.&#8221;<\/p>\n<p>Asimismo, manifest\u00f3 que Rusia cree absolutamente que el terrorismo en la regi\u00f3n amenaza a todo el mundo, mientras que existen contradicciones en la actitud de Occidente y su enfoque hacia el terrorismo.<br \/>\nPor otro lado, hizo alusi\u00f3n a la aparici\u00f3n de un nuevo polo liderada por Rusia y tiene una estrategia futura basada en el respeto a la legitimidad y a los convenios internacionales.<\/p>\n<p>Shaaban subray\u00f3 que Siria seguir\u00e1 luchando contra el terrorismo hasta la instauraci\u00f3n de la estabilidad en toda la geograf\u00eda siria, se\u00f1alando que la escena en el campo militar est\u00e1 cambiando gracias a la firmeza del Ej\u00e9rcito \u00c1rabe Sirio y sus grandes victorias contra los terroristas en varios frentes.<\/p>\n<p>Sobre la coalici\u00f3n antiterrorista liderada por Washington, Shaaban consider\u00f3 que esa alianza representa un indicador importante de la hipocres\u00eda occidental, aclarando que no hay lugar para la comparaci\u00f3n entre Rusia y Occidente, ya que Rusia ha respondido a la petici\u00f3n de un gobierno leg\u00edtimo, pero Occidente practica doble moral y alega tener la intenci\u00f3n de luchar contra el Estado Isl\u00e1mico pero al mismo tiempo se niega a cooperar con el ej\u00e9rcito sirio.<\/p>\n<p>La alta funcionaria siria opin\u00f3 que los enemigos de Siria lanzan una guerra psicol\u00f3gica contra el pueblo sirio, y como parte de esta guerra hablan acerca de una invasi\u00f3n de fuerzas terrestres, se\u00f1alando que no hay temor de los planes de Occidente encaminados a dividir a Siria, gracias a la firmeza del Ej\u00e9rcito \u00c1rabe Sirio.<\/p>\n<p>Shaaban expres\u00f3 su sorpresa de fijar el d\u00eda 18 de este mes como fecha para las reuniones de Nueva York sobre la crisis en Siria, sin que se prepare a\u00fan una lista unida de las organizaciones terroristas o de la &#8220;oposici\u00f3n&#8221;, seg\u00fan lo acordado en Viena.<\/p>\n<p>Por \u00faltimo, consider\u00f3 que presentar la &#8220;oposici\u00f3n&#8221; a trav\u00e9s del r\u00e9gimen saud\u00ed &#8220;es irracional e impropio&#8221; pregunt\u00e1ndose c\u00f3mo los pa\u00edses occidentales aceptan una reuni\u00f3n como la de Arabia Saud\u00ed, que es un pa\u00eds que no celebra elecciones ni cuenta con un parlamento.<br \/>\nFady M., Lynn A.<\/p>\n","protected":false},"excerpt":{"rendered":"<p>Damasco, SANA La Asesora Pol\u00edtica y de Medios de Comunicaci\u00f3n de la Presidencia de la Rep\u00fablica, Bouzeina Shaaban, subray\u00f3 que las s\u00f3lidas relaciones entre Siria y Rusia han presenciado un desarrollo cualitativo despu\u00e9s de la cooperaci\u00f3n en la lucha contra el terrorismo, se\u00f1alando que la aceleraci\u00f3n de los acontecimientos en la regi\u00f3n y el mundo &hellip;<\/p>\n","protected":false},"author":24,"featured_media":34925,"comment_status":"closed","ping_status":"closed","sticky":false,"template":"","format":"standard","meta":{"footnotes":""},"categories":[477,476,583,7541],"tags":[],"class_list":["post-34924","post","type-post","status-publish","format-standard","has-post-thumbnail","","category-noticias-edulcorantes","category-locales","category-slide","category-ultimas-noticias"],"_links":{"self":[{"href":"https:\/\/archive.sana.sy\/es\/index.php?rest_route=\/wp\/v2\/posts\/34924"}],"collection":[{"href":"https:\/\/archive.sana.sy\/es\/index.php?rest_route=\/wp\/v2\/posts"}],"about":[{"href":"https:\/\/archive.sana.sy\/es\/index.php?rest_route=\/wp\/v2\/types\/post"}],"author":[{"embeddable":true,"href":"https:\/\/archive.sana.sy\/es\/index.php?rest_route=\/wp\/v2\/users\/24"}],"replies":[{"embeddable":true,"href":"https:\/\/archive.sana.sy\/es\/index.php?rest_route=%2Fwp%2Fv2%2Fcomments&post=34924"}],"version-history":[{"count":0,"href":"https:\/\/archive.sana.sy\/es\/index.php?rest_route=\/wp\/v2\/posts\/34924\/revisions"}],"wp:featuredmedia":[{"embeddable":true,"href":"https:\/\/archive.sana.sy\/es\/index.php?rest_route=\/wp\/v2\/media\/34925"}],"wp:attachment":[{"href":"https:\/\/archive.sana.sy\/es\/index.php?rest_route=%2Fwp%2Fv2%2Fmedia&parent=34924"}],"wp:term":[{"taxonomy":"category","embeddable":true,"href":"https:\/\/archive.sana.sy\/es\/index.php?rest_route=%2Fwp%2Fv2%2Fcategories&post=34924"},{"taxonomy":"post_tag","embeddable":true,"href":"https:\/\/archive.sana.sy\/es\/index.php?rest_route=%2Fwp%2Fv2%2Ftags&post=34924"}],"curies":[{"name":"wp","href":"https:\/\/api.w.org\/{rel}","templated":true}]}}