{"id":349241,"date":"2025-03-25T13:44:32","date_gmt":"2025-03-25T10:44:32","guid":{"rendered":"https:\/\/sana.sy\/es\/?p=349241"},"modified":"2025-03-25T13:44:32","modified_gmt":"2025-03-25T10:44:32","slug":"ministro-de-agricultura-repasa-temas-de-cooperacion-conjunta-con-el-encargado-de-negocios-de-la-embajada-de-sudan","status":"publish","type":"post","link":"https:\/\/archive.sana.sy\/es\/?p=349241","title":{"rendered":"Ministro de Agricultura repasa temas de cooperaci\u00f3n conjunta con el encargado de negocios de la Embajada de Sud\u00e1n"},"content":{"rendered":"<p style=\"text-align: justify;\"><strong><span style=\"color: #800000;\">Damasco, 25 mar (SANA)<\/span>\u00a0 \u00a0<\/strong>El ministro de Agricultura y Reforma Agraria, Mohamed Taha Al-Ahmad, examin\u00f3 temas de cooperaci\u00f3n conjunta en el campo agr\u00edcola con el encargado de negocios de la Embajada de Sud\u00e1n en Damasco, Ahmed Ibrahim. \u200f<\/p>\n<p style=\"text-align: justify;\">En la reuni\u00f3n, celebrada en la sede del Ministerio, se abord\u00f3 el acuerdo de cooperaci\u00f3n conjunta firmado el a\u00f1o pasado entre los dos pa\u00edses en el \u00e1mbito del desarrollo del sector agr\u00edcola.<\/p>\n","protected":false},"excerpt":{"rendered":"<p>Damasco, 25 mar (SANA)\u00a0 \u00a0El ministro de Agricultura y Reforma Agraria, Mohamed Taha Al-Ahmad, examin\u00f3 temas de cooperaci\u00f3n conjunta en el campo agr\u00edcola con el encargado de negocios de la Embajada de Sud\u00e1n en Damasco, Ahmed Ibrahim. \u200f En la reuni\u00f3n, celebrada en la sede del Ministerio, se abord\u00f3 el acuerdo de cooperaci\u00f3n conjunta firmado &hellip;<\/p>\n","protected":false},"author":32,"featured_media":349242,"comment_status":"closed","ping_status":"closed","sticky":false,"template":"","format":"standard","meta":{"footnotes":""},"categories":[477,597,20724,476,7541],"tags":[],"class_list":["post-349241","post","type-post","status-publish","format-standard","has-post-thumbnail","","category-noticias-edulcorantes","category-cinta-de-noticias","category-minuto-a-minuto","category-locales","category-ultimas-noticias"],"_links":{"self":[{"href":"https:\/\/archive.sana.sy\/es\/index.php?rest_route=\/wp\/v2\/posts\/349241"}],"collection":[{"href":"https:\/\/archive.sana.sy\/es\/index.php?rest_route=\/wp\/v2\/posts"}],"about":[{"href":"https:\/\/archive.sana.sy\/es\/index.php?rest_route=\/wp\/v2\/types\/post"}],"author":[{"embeddable":true,"href":"https:\/\/archive.sana.sy\/es\/index.php?rest_route=\/wp\/v2\/users\/32"}],"replies":[{"embeddable":true,"href":"https:\/\/archive.sana.sy\/es\/index.php?rest_route=%2Fwp%2Fv2%2Fcomments&post=349241"}],"version-history":[{"count":1,"href":"https:\/\/archive.sana.sy\/es\/index.php?rest_route=\/wp\/v2\/posts\/349241\/revisions"}],"predecessor-version":[{"id":349243,"href":"https:\/\/archive.sana.sy\/es\/index.php?rest_route=\/wp\/v2\/posts\/349241\/revisions\/349243"}],"wp:featuredmedia":[{"embeddable":true,"href":"https:\/\/archive.sana.sy\/es\/index.php?rest_route=\/wp\/v2\/media\/349242"}],"wp:attachment":[{"href":"https:\/\/archive.sana.sy\/es\/index.php?rest_route=%2Fwp%2Fv2%2Fmedia&parent=349241"}],"wp:term":[{"taxonomy":"category","embeddable":true,"href":"https:\/\/archive.sana.sy\/es\/index.php?rest_route=%2Fwp%2Fv2%2Fcategories&post=349241"},{"taxonomy":"post_tag","embeddable":true,"href":"https:\/\/archive.sana.sy\/es\/index.php?rest_route=%2Fwp%2Fv2%2Ftags&post=349241"}],"curies":[{"name":"wp","href":"https:\/\/api.w.org\/{rel}","templated":true}]}}