{"id":349244,"date":"2025-03-25T13:54:36","date_gmt":"2025-03-25T10:54:36","guid":{"rendered":"https:\/\/sana.sy\/es\/?p=349244"},"modified":"2025-03-25T18:12:53","modified_gmt":"2025-03-25T15:12:53","slug":"mueren-cuatro-civiles-por-bombardeo-del-ocupante-israeli-contra-koya-al-oeste-de-daraa","status":"publish","type":"post","link":"https:\/\/archive.sana.sy\/es\/?p=349244","title":{"rendered":"Mueren seis civiles por bombardeo del ocupante israel\u00ed contra Koya, al oeste de Daraa"},"content":{"rendered":"<p style=\"text-align: justify\"><span style=\"color: #800000\"><strong>Daraa, 25 mar (SANA)\u00a0\u00a0<\/strong> <\/span>seis civiles murieron y otros, incluida una mujer, resultaron heridos a consecuencia de un bombardeo del ocupante israel\u00ed contra la localidad de Koya, al oeste de la provincia de Deraa.<\/p>\n<p style=\"text-align: justify\">El corresponsal de SANA inform\u00f3 que las fuerzas de ocupaci\u00f3n asaltaron el poblado en medio de intensos vuelos de los aviones de reconocimiento sionistas, as\u00ed como sus tanques abrieron el fuego contra las casas, dejando cuatro civiles muertos y numerosos heridos, incluida una mujer.<\/p>\n<p style=\"text-align: justify\">El d\u00eda 17 de este mes, tres civiles murieron y otros resultaron heridos en ataques a\u00e9reos de las fuerzas de ocupaci\u00f3n en las afueras de la ciudad de Deraa.<\/p>\n","protected":false},"excerpt":{"rendered":"<p>Daraa, 25 mar (SANA)\u00a0\u00a0 seis civiles murieron y otros, incluida una mujer, resultaron heridos a consecuencia de un bombardeo del ocupante israel\u00ed contra la localidad de Koya, al oeste de la provincia de Deraa. El corresponsal de SANA inform\u00f3 que las fuerzas de ocupaci\u00f3n asaltaron el poblado en medio de intensos vuelos de los aviones &hellip;<\/p>\n","protected":false},"author":32,"featured_media":349251,"comment_status":"closed","ping_status":"closed","sticky":false,"template":"","format":"standard","meta":{"footnotes":""},"categories":[477,597,20724,476,583],"tags":[],"class_list":["post-349244","post","type-post","status-publish","format-standard","has-post-thumbnail","","category-noticias-edulcorantes","category-cinta-de-noticias","category-minuto-a-minuto","category-locales","category-slide"],"_links":{"self":[{"href":"https:\/\/archive.sana.sy\/es\/index.php?rest_route=\/wp\/v2\/posts\/349244"}],"collection":[{"href":"https:\/\/archive.sana.sy\/es\/index.php?rest_route=\/wp\/v2\/posts"}],"about":[{"href":"https:\/\/archive.sana.sy\/es\/index.php?rest_route=\/wp\/v2\/types\/post"}],"author":[{"embeddable":true,"href":"https:\/\/archive.sana.sy\/es\/index.php?rest_route=\/wp\/v2\/users\/32"}],"replies":[{"embeddable":true,"href":"https:\/\/archive.sana.sy\/es\/index.php?rest_route=%2Fwp%2Fv2%2Fcomments&post=349244"}],"version-history":[{"count":2,"href":"https:\/\/archive.sana.sy\/es\/index.php?rest_route=\/wp\/v2\/posts\/349244\/revisions"}],"predecessor-version":[{"id":349311,"href":"https:\/\/archive.sana.sy\/es\/index.php?rest_route=\/wp\/v2\/posts\/349244\/revisions\/349311"}],"wp:featuredmedia":[{"embeddable":true,"href":"https:\/\/archive.sana.sy\/es\/index.php?rest_route=\/wp\/v2\/media\/349251"}],"wp:attachment":[{"href":"https:\/\/archive.sana.sy\/es\/index.php?rest_route=%2Fwp%2Fv2%2Fmedia&parent=349244"}],"wp:term":[{"taxonomy":"category","embeddable":true,"href":"https:\/\/archive.sana.sy\/es\/index.php?rest_route=%2Fwp%2Fv2%2Fcategories&post=349244"},{"taxonomy":"post_tag","embeddable":true,"href":"https:\/\/archive.sana.sy\/es\/index.php?rest_route=%2Fwp%2Fv2%2Ftags&post=349244"}],"curies":[{"name":"wp","href":"https:\/\/api.w.org\/{rel}","templated":true}]}}