{"id":349248,"date":"2025-03-25T14:36:23","date_gmt":"2025-03-25T11:36:23","guid":{"rendered":"https:\/\/sana.sy\/es\/?p=349248"},"modified":"2025-03-25T15:34:41","modified_gmt":"2025-03-25T12:34:41","slug":"declaracion-del-portavoz-del-comite-de-investigacion-en-los-sucesos-de-la-costa","status":"publish","type":"post","link":"https:\/\/archive.sana.sy\/es\/?p=349248","title":{"rendered":"Declaraci\u00f3n del portavoz del Comit\u00e9 de Investigaci\u00f3n en los Sucesos de la Costa"},"content":{"rendered":"<p style=\"text-align: justify;\">Puntos claves de las declaraciones del portavoz del Comit\u00e9 de Investigaci\u00f3n en los Sucesos de la Costa, Yasser Al-Farhan, durante una conferencia de prensa en Damasco:<\/p>\n<p style=\"text-align: justify;\">&#x2714;&#xfe0f; Inspeccionamos 9 sitios y escuchamos testimonios de civiles, militares y de las autoridades de seguridad, en Latakia.<\/p>\n<p style=\"text-align: justify;\">&#x2714;&#xfe0f; Hemos documentado 95 testimonios sobre los hechos de acuerdo con las normas legales, y recibimos m\u00e1s de 30 informes sobre los hechos, y tenemos previsto viajar a Tartous, Banias, Hama e Idlib para investigar los sucesos.<\/p>\n<p style=\"text-align: justify;\">&#x2714;&#xfe0f; Nos reunimos con representantes de la sociedad civil y organizaciones no gubernamentales, y conocimos sus perspectivas.<\/p>\n<p style=\"text-align: justify;\">&#x2714;&#xfe0f; Valoramos la colaboraci\u00f3n de los testigos y las familias de las v\u00edctimas, y respetamos su privacidad.<\/p>\n<p style=\"text-align: justify;\">&#x2714;&#xfe0f;Nuestras circunstancias no son las ideales y necesitamos la cooperaci\u00f3n de todos para esclarecer los hechos. A\u00fan es prematuro revelar los resultados de las investigaciones.<\/p>\n<p style=\"text-align: justify;\">&#x2714;&#xfe0f; Las reuniones con las partes de la ONU fueron muy positivas y la Organizaci\u00f3n Internacional acogi\u00f3 con satisfacci\u00f3n la formaci\u00f3n del comit\u00e9 y su trabajo.<\/p>\n<p style=\"text-align: justify;\">&#x2714;&#xfe0f;Hemos entrado en todas las zonas que fueron testigos de sucesos y queremos continuar nuestro trabajo y escuchar a los testigos y examinar la situaci\u00f3n sobre el terreno.<\/p>\n<p style=\"text-align: justify;\">&#x2714;&#xfe0f;En los alrededores de los sitios donde trabajamos hab\u00edan armados remanentes del extinto r\u00e9gimen.<\/p>\n<p style=\"text-align: justify;\">&#x2714;&#xfe0f;Esperamos la creaci\u00f3n de un tribunal especial para procesar a los implicados en los cr\u00edmenes.<\/p>\n<p style=\"text-align: justify;\">&#x2714;&#xfe0f; Prevemos crear un tribunal especial para procesar a los implicados en los sucesos de la costa.<\/p>\n<p style=\"text-align: justify;\">&#x2714;&#xfe0f;Nos resultar\u00e1 dif\u00edcil completar nuestra misi\u00f3n en 30 d\u00edas, por lo que podr\u00edamos solicitar una pr\u00f3rroga.<\/p>\n<p style=\"text-align: justify;\">&#x2714;&#xfe0f;El movimiento en las zonas donde ocurrieron los incidentes sigue siendo peligroso y algunos testigos y familiares de v\u00edctimas tienen miedo de comunicarse con el comit\u00e9.<\/p>\n<div id='gallery-1' class='gallery galleryid-349248 gallery-columns-1 gallery-size-full'><figure class='gallery-item'>\n\t\t\t<div class='gallery-icon landscape'>\n\t\t\t\t<a href='https:\/\/archive.sana.sy\/es\/wp-content\/uploads\/2025\/03\/photo_2025-03-25_15-14-16.jpg'><img loading=\"lazy\" decoding=\"async\" width=\"1280\" height=\"853\" src=\"https:\/\/archive.sana.sy\/es\/wp-content\/uploads\/2025\/03\/photo_2025-03-25_15-14-16.jpg\" class=\"attachment-full size-full\" alt=\"\" srcset=\"https:\/\/archive.sana.sy\/es\/wp-content\/uploads\/2025\/03\/photo_2025-03-25_15-14-16.jpg 1280w, https:\/\/archive.sana.sy\/es\/wp-content\/uploads\/2025\/03\/photo_2025-03-25_15-14-16-300x200.jpg 300w, https:\/\/archive.sana.sy\/es\/wp-content\/uploads\/2025\/03\/photo_2025-03-25_15-14-16-1024x682.jpg 1024w, https:\/\/archive.sana.sy\/es\/wp-content\/uploads\/2025\/03\/photo_2025-03-25_15-14-16-150x100.jpg 150w, https:\/\/archive.sana.sy\/es\/wp-content\/uploads\/2025\/03\/photo_2025-03-25_15-14-16-768x512.jpg 768w\" sizes=\"(max-width: 1280px) 100vw, 1280px\" \/><\/a>\n\t\t\t<\/div><\/figure><figure class='gallery-item'>\n\t\t\t<div class='gallery-icon landscape'>\n\t\t\t\t<a href='https:\/\/archive.sana.sy\/es\/wp-content\/uploads\/2025\/03\/photo_2025-03-25_15-14-10.jpg'><img loading=\"lazy\" decoding=\"async\" width=\"1280\" height=\"853\" src=\"https:\/\/archive.sana.sy\/es\/wp-content\/uploads\/2025\/03\/photo_2025-03-25_15-14-10.jpg\" class=\"attachment-full size-full\" alt=\"\" srcset=\"https:\/\/archive.sana.sy\/es\/wp-content\/uploads\/2025\/03\/photo_2025-03-25_15-14-10.jpg 1280w, https:\/\/archive.sana.sy\/es\/wp-content\/uploads\/2025\/03\/photo_2025-03-25_15-14-10-300x200.jpg 300w, https:\/\/archive.sana.sy\/es\/wp-content\/uploads\/2025\/03\/photo_2025-03-25_15-14-10-1024x682.jpg 1024w, https:\/\/archive.sana.sy\/es\/wp-content\/uploads\/2025\/03\/photo_2025-03-25_15-14-10-150x100.jpg 150w, https:\/\/archive.sana.sy\/es\/wp-content\/uploads\/2025\/03\/photo_2025-03-25_15-14-10-768x512.jpg 768w\" sizes=\"(max-width: 1280px) 100vw, 1280px\" \/><\/a>\n\t\t\t<\/div><\/figure><figure class='gallery-item'>\n\t\t\t<div class='gallery-icon landscape'>\n\t\t\t\t<a href='https:\/\/archive.sana.sy\/es\/wp-content\/uploads\/2025\/03\/photo_2025-03-25_15-14-11.jpg'><img loading=\"lazy\" decoding=\"async\" width=\"1280\" height=\"853\" src=\"https:\/\/archive.sana.sy\/es\/wp-content\/uploads\/2025\/03\/photo_2025-03-25_15-14-11.jpg\" class=\"attachment-full size-full\" alt=\"\" srcset=\"https:\/\/archive.sana.sy\/es\/wp-content\/uploads\/2025\/03\/photo_2025-03-25_15-14-11.jpg 1280w, https:\/\/archive.sana.sy\/es\/wp-content\/uploads\/2025\/03\/photo_2025-03-25_15-14-11-300x200.jpg 300w, https:\/\/archive.sana.sy\/es\/wp-content\/uploads\/2025\/03\/photo_2025-03-25_15-14-11-1024x682.jpg 1024w, https:\/\/archive.sana.sy\/es\/wp-content\/uploads\/2025\/03\/photo_2025-03-25_15-14-11-150x100.jpg 150w, https:\/\/archive.sana.sy\/es\/wp-content\/uploads\/2025\/03\/photo_2025-03-25_15-14-11-768x512.jpg 768w\" sizes=\"(max-width: 1280px) 100vw, 1280px\" \/><\/a>\n\t\t\t<\/div><\/figure>\n\t\t<\/div>\n\n","protected":false},"excerpt":{"rendered":"<p>Puntos claves de las declaraciones del portavoz del Comit\u00e9 de Investigaci\u00f3n en los Sucesos de la Costa, Yasser Al-Farhan, durante una conferencia de prensa en Damasco: &#x2714;&#xfe0f; Inspeccionamos 9 sitios y escuchamos testimonios de civiles, militares y de las autoridades de seguridad, en Latakia. &#x2714;&#xfe0f; Hemos documentado 95 testimonios sobre los hechos de acuerdo con &hellip;<\/p>\n","protected":false},"author":34,"featured_media":349282,"comment_status":"closed","ping_status":"closed","sticky":false,"template":"","format":"standard","meta":{"footnotes":""},"categories":[477,447,597,20724,476,583],"tags":[],"class_list":["post-349248","post","type-post","status-publish","format-standard","has-post-thumbnail","","category-noticias-edulcorantes","category-local-politica","category-cinta-de-noticias","category-minuto-a-minuto","category-locales","category-slide"],"_links":{"self":[{"href":"https:\/\/archive.sana.sy\/es\/index.php?rest_route=\/wp\/v2\/posts\/349248"}],"collection":[{"href":"https:\/\/archive.sana.sy\/es\/index.php?rest_route=\/wp\/v2\/posts"}],"about":[{"href":"https:\/\/archive.sana.sy\/es\/index.php?rest_route=\/wp\/v2\/types\/post"}],"author":[{"embeddable":true,"href":"https:\/\/archive.sana.sy\/es\/index.php?rest_route=\/wp\/v2\/users\/34"}],"replies":[{"embeddable":true,"href":"https:\/\/archive.sana.sy\/es\/index.php?rest_route=%2Fwp%2Fv2%2Fcomments&post=349248"}],"version-history":[{"count":3,"href":"https:\/\/archive.sana.sy\/es\/index.php?rest_route=\/wp\/v2\/posts\/349248\/revisions"}],"predecessor-version":[{"id":349288,"href":"https:\/\/archive.sana.sy\/es\/index.php?rest_route=\/wp\/v2\/posts\/349248\/revisions\/349288"}],"wp:featuredmedia":[{"embeddable":true,"href":"https:\/\/archive.sana.sy\/es\/index.php?rest_route=\/wp\/v2\/media\/349282"}],"wp:attachment":[{"href":"https:\/\/archive.sana.sy\/es\/index.php?rest_route=%2Fwp%2Fv2%2Fmedia&parent=349248"}],"wp:term":[{"taxonomy":"category","embeddable":true,"href":"https:\/\/archive.sana.sy\/es\/index.php?rest_route=%2Fwp%2Fv2%2Fcategories&post=349248"},{"taxonomy":"post_tag","embeddable":true,"href":"https:\/\/archive.sana.sy\/es\/index.php?rest_route=%2Fwp%2Fv2%2Ftags&post=349248"}],"curies":[{"name":"wp","href":"https:\/\/api.w.org\/{rel}","templated":true}]}}