{"id":349289,"date":"2025-03-25T15:45:09","date_gmt":"2025-03-25T12:45:09","guid":{"rendered":"https:\/\/sana.sy\/es\/?p=349289"},"modified":"2025-03-25T15:45:09","modified_gmt":"2025-03-25T12:45:09","slug":"se-restablece-el-servicio-de-internet-tras-un-corte-nacional-por-actos-de-sabotaje","status":"publish","type":"post","link":"https:\/\/archive.sana.sy\/es\/?p=349289","title":{"rendered":"Se restablece el servicio de Internet tras un corte nacional por actos de sabotaje"},"content":{"rendered":"<p><span style=\"color: #800000;\">Damasco, 25 mar (SANA)\u00a0<\/span> \u00a0La oficina de prensa del Ministerio de Telecomunicaciones y Tecnolog\u00edas inform\u00f3 a SANA que los servicios de Internet se est\u00e1n restableciendo gradualmente en toda Siria despu\u00e9s de haber estado interrumpidos durante horas debido a actos de sabotaje que dejaron cortados los cables de fibra \u00f3ptica en las localidades de Maloula y Hassieh.<\/p>\n<p>&nbsp;<\/p>\n","protected":false},"excerpt":{"rendered":"<p>Damasco, 25 mar (SANA)\u00a0 \u00a0La oficina de prensa del Ministerio de Telecomunicaciones y Tecnolog\u00edas inform\u00f3 a SANA que los servicios de Internet se est\u00e1n restableciendo gradualmente en toda Siria despu\u00e9s de haber estado interrumpidos durante horas debido a actos de sabotaje que dejaron cortados los cables de fibra \u00f3ptica en las localidades de Maloula y &hellip;<\/p>\n","protected":false},"author":32,"featured_media":349290,"comment_status":"closed","ping_status":"closed","sticky":false,"template":"","format":"standard","meta":{"footnotes":""},"categories":[477,597,573,20724,476,7541],"tags":[],"class_list":["post-349289","post","type-post","status-publish","format-standard","has-post-thumbnail","","category-noticias-edulcorantes","category-cinta-de-noticias","category-la-realidad-de-los-acontecimientos-en-siria","category-minuto-a-minuto","category-locales","category-ultimas-noticias"],"_links":{"self":[{"href":"https:\/\/archive.sana.sy\/es\/index.php?rest_route=\/wp\/v2\/posts\/349289"}],"collection":[{"href":"https:\/\/archive.sana.sy\/es\/index.php?rest_route=\/wp\/v2\/posts"}],"about":[{"href":"https:\/\/archive.sana.sy\/es\/index.php?rest_route=\/wp\/v2\/types\/post"}],"author":[{"embeddable":true,"href":"https:\/\/archive.sana.sy\/es\/index.php?rest_route=\/wp\/v2\/users\/32"}],"replies":[{"embeddable":true,"href":"https:\/\/archive.sana.sy\/es\/index.php?rest_route=%2Fwp%2Fv2%2Fcomments&post=349289"}],"version-history":[{"count":1,"href":"https:\/\/archive.sana.sy\/es\/index.php?rest_route=\/wp\/v2\/posts\/349289\/revisions"}],"predecessor-version":[{"id":349291,"href":"https:\/\/archive.sana.sy\/es\/index.php?rest_route=\/wp\/v2\/posts\/349289\/revisions\/349291"}],"wp:featuredmedia":[{"embeddable":true,"href":"https:\/\/archive.sana.sy\/es\/index.php?rest_route=\/wp\/v2\/media\/349290"}],"wp:attachment":[{"href":"https:\/\/archive.sana.sy\/es\/index.php?rest_route=%2Fwp%2Fv2%2Fmedia&parent=349289"}],"wp:term":[{"taxonomy":"category","embeddable":true,"href":"https:\/\/archive.sana.sy\/es\/index.php?rest_route=%2Fwp%2Fv2%2Fcategories&post=349289"},{"taxonomy":"post_tag","embeddable":true,"href":"https:\/\/archive.sana.sy\/es\/index.php?rest_route=%2Fwp%2Fv2%2Ftags&post=349289"}],"curies":[{"name":"wp","href":"https:\/\/api.w.org\/{rel}","templated":true}]}}