{"id":34929,"date":"2015-12-10T09:00:10","date_gmt":"2015-12-10T07:00:10","guid":{"rendered":"http:\/\/sana.sy\/es\/?p=34929"},"modified":"2015-12-10T16:44:26","modified_gmt":"2015-12-10T14:44:26","slug":"declaracion-final-del-foro-de-periodistas-de-los-paises-islamicos-enfatiza-papel-de-rusia-en-la-lucha-contra-el-terrorismo","status":"publish","type":"post","link":"https:\/\/archive.sana.sy\/es\/?p=34929","title":{"rendered":"Declaraci\u00f3n final del Foro de Periodistas de los Pa\u00edses Isl\u00e1micos enfatiza papel de Rusia en la lucha contra el terrorismo"},"content":{"rendered":"<p><span style=\"color: #800000\">Mosc\u00fa, SANA<\/span><\/p>\n<p>Concluyeron este mi\u00e9rcoles las labores del Foro de Periodistas de Pa\u00edses Musulmanes contra el Extremismo y el Terrorismo que se celebr\u00f3 en la capital Mosc\u00fa.<\/p>\n<p>El Foro cont\u00f3 con la presencia de periodistas y profesionales de los medios de comunicaci\u00f3n de Rusia y otros pa\u00edses isl\u00e1micos y \u00e1rabes, incluyendo Siria.<\/p>\n<p>Los participantes expresaron en una declaraci\u00f3n final emitida en la clausura del evento, su aprecio por el papel de la Federaci\u00f3n de Rusia en la lucha contra el terrorismo y la promoci\u00f3n de la estabilidad en Medio Oriente, y consideraron a Rusia y los pa\u00edses isl\u00e1micos como socios estrat\u00e9gicos.<\/p>\n<p>La Declaraci\u00f3n hizo hincapi\u00e9 en la importancia de prevenir la difusi\u00f3n de la ideolog\u00eda del extremismo, y para tal prop\u00f3sito se cre\u00f3 el sitio:www.rusisword.com en ruso e ingl\u00e9s.<\/p>\n<p>Las intervenciones de los participantes presentaron en la segunda jordana del Foro se centraron en las v\u00edas de contrarrestar la ideolog\u00eda terrorista y sus organizaciones takfiristas.<\/p>\n<p>El Director General de la Agencia \u00c1rabe Siria de Noticias (SANA), Ahmed Dawa, explic\u00f3 que Siria enfrenta un complot y un terrorismo patrocinado por Estados Unidos, haciendo alusi\u00f3n a la existencia de herramientas en la regi\u00f3n involucradas en el complot contra Siria.<\/p>\n<p>Los participantes destacaron la importancia de detener la afluencia de j\u00f3venes a las filas de los terroristas del Frente al-Nousra y el Estado Isl\u00e1mico y otras organizaciones terroristas.<br \/>\nFady M., Lynn A.<\/p>\n","protected":false},"excerpt":{"rendered":"<p>Mosc\u00fa, SANA Concluyeron este mi\u00e9rcoles las labores del Foro de Periodistas de Pa\u00edses Musulmanes contra el Extremismo y el Terrorismo que se celebr\u00f3 en la capital Mosc\u00fa. El Foro cont\u00f3 con la presencia de periodistas y profesionales de los medios de comunicaci\u00f3n de Rusia y otros pa\u00edses isl\u00e1micos y \u00e1rabes, incluyendo Siria. Los participantes expresaron &hellip;<\/p>\n","protected":false},"author":24,"featured_media":34930,"comment_status":"closed","ping_status":"closed","sticky":false,"template":"","format":"standard","meta":{"footnotes":""},"categories":[597,456,457],"tags":[],"class_list":["post-34929","post","type-post","status-publish","format-standard","has-post-thumbnail","","category-cinta-de-noticias","category-arabe-internacional-politica","category-noticias-arabe-internacional-politica"],"_links":{"self":[{"href":"https:\/\/archive.sana.sy\/es\/index.php?rest_route=\/wp\/v2\/posts\/34929"}],"collection":[{"href":"https:\/\/archive.sana.sy\/es\/index.php?rest_route=\/wp\/v2\/posts"}],"about":[{"href":"https:\/\/archive.sana.sy\/es\/index.php?rest_route=\/wp\/v2\/types\/post"}],"author":[{"embeddable":true,"href":"https:\/\/archive.sana.sy\/es\/index.php?rest_route=\/wp\/v2\/users\/24"}],"replies":[{"embeddable":true,"href":"https:\/\/archive.sana.sy\/es\/index.php?rest_route=%2Fwp%2Fv2%2Fcomments&post=34929"}],"version-history":[{"count":0,"href":"https:\/\/archive.sana.sy\/es\/index.php?rest_route=\/wp\/v2\/posts\/34929\/revisions"}],"wp:featuredmedia":[{"embeddable":true,"href":"https:\/\/archive.sana.sy\/es\/index.php?rest_route=\/wp\/v2\/media\/34930"}],"wp:attachment":[{"href":"https:\/\/archive.sana.sy\/es\/index.php?rest_route=%2Fwp%2Fv2%2Fmedia&parent=34929"}],"wp:term":[{"taxonomy":"category","embeddable":true,"href":"https:\/\/archive.sana.sy\/es\/index.php?rest_route=%2Fwp%2Fv2%2Fcategories&post=34929"},{"taxonomy":"post_tag","embeddable":true,"href":"https:\/\/archive.sana.sy\/es\/index.php?rest_route=%2Fwp%2Fv2%2Ftags&post=34929"}],"curies":[{"name":"wp","href":"https:\/\/api.w.org\/{rel}","templated":true}]}}