{"id":349301,"date":"2025-03-25T17:52:55","date_gmt":"2025-03-25T14:52:55","guid":{"rendered":"https:\/\/sana.sy\/es\/?p=349301"},"modified":"2025-03-25T19:30:59","modified_gmt":"2025-03-25T16:30:59","slug":"siria-condena-rotundamente-escalada-israeli-en-region-surena","status":"publish","type":"post","link":"https:\/\/archive.sana.sy\/es\/?p=349301","title":{"rendered":"Siria condena rotundamente escalada israel\u00ed en regi\u00f3n sure\u00f1a"},"content":{"rendered":"<blockquote>\n<p style=\"text-align: justify\"><span style=\"color: #993300\">\u201cDurante las \u00faltimas horas, la poblaci\u00f3n de Koya fue sometida a intensos bombardeos a\u00e9reos y de artiller\u00eda que tuvieron como blanco barrios residenciales y fincas, lo que provoc\u00f3 la muerte de seis civiles, cifra que podr\u00eda aumentarse debido al estado cr\u00edtico de los heridos, s\u00famanles el hecho de atacar a tierras agr\u00edcolas\u201d.<\/span><\/p>\n<\/blockquote>\n<p style=\"text-align: justify\"><strong><span style=\"color: #800000\">Damasco, 25 mar (SANA)<\/span> <\/strong>El Ministerio de Asuntos Exteriores y Expatriados emiti\u00f3 este martes, un comunicado en el que denunci\u00f3 las repetidas agresiones israel\u00edes contra territorio nacional.<\/p>\n<p style=\"text-align: justify\">En este contexto, expres\u00f3 su en\u00e9rgica condena a la peligrosa escalada israel\u00ed que se produjo hoy en la aldea de Koya, ubicada en la zona rural occidental de la provincia de Deraa.<\/p>\n<p style=\"text-align: justify\">\u201cDurante las \u00faltimas horas, la poblaci\u00f3n de Koya fue sometida a intensos bombardeos a\u00e9reos y de artiller\u00eda que tuvieron como blanco barrios residenciales y fincas, lo que provoc\u00f3 la muerte de seis civiles, cifra que podr\u00eda aumentarse debido al estado cr\u00edtico de los heridos, s\u00famanles el hecho de atacar a tierras agr\u00edcolas\u201d, asever\u00f3 la Canciller\u00eda.<\/p>\n<p style=\"text-align: justify\">Se\u00f1al\u00f3 que esta escalada ocurre en medio de una serie de violaciones que comenzaron con la incursi\u00f3n de fuerzas israel\u00edes en las provincias suroccidentales de Quneitra y Deraa, en el marco de una continua agresi\u00f3n que constituye una flagrante violaci\u00f3n de la soberan\u00eda nacional y el Derecho Internacional.<\/p>\n<p style=\"text-align: justify\">\u201cAfirmamos nuestro rechazo absoluto a estas acciones criminales y pedimos una investigaci\u00f3n internacional sobre los cr\u00edmenes y violaciones israel\u00edes\u201d, destac\u00f3 el comunicado.<\/p>\n<p style=\"text-align: justify\">Canciller\u00eda dirigi\u00f3 un llamamiento al pueblo sirio a aferrarse a su tierra y a rechazar cualquier intento de desplazamiento o imposici\u00f3n de una nueva realidad por la fuerza, y subray\u00f3 que los ataques israel\u00edes no disuadir\u00e1n a los sirios de defender sus derechos y su tierra.<\/p>\n","protected":false},"excerpt":{"rendered":"<p>\u201cDurante las \u00faltimas horas, la poblaci\u00f3n de Koya fue sometida a intensos bombardeos a\u00e9reos y de artiller\u00eda que tuvieron como blanco barrios residenciales y fincas, lo que provoc\u00f3 la muerte de seis civiles, cifra que podr\u00eda aumentarse debido al estado cr\u00edtico de los heridos, s\u00famanles el hecho de atacar a tierras agr\u00edcolas\u201d. Damasco, 25 mar &hellip;<\/p>\n","protected":false},"author":24,"featured_media":349328,"comment_status":"closed","ping_status":"closed","sticky":false,"template":"","format":"standard","meta":{"footnotes":""},"categories":[447,597,20724,476,448,583],"tags":[],"class_list":["post-349301","post","type-post","status-publish","format-standard","has-post-thumbnail","","category-local-politica","category-cinta-de-noticias","category-minuto-a-minuto","category-locales","category-noticias","category-slide"],"_links":{"self":[{"href":"https:\/\/archive.sana.sy\/es\/index.php?rest_route=\/wp\/v2\/posts\/349301"}],"collection":[{"href":"https:\/\/archive.sana.sy\/es\/index.php?rest_route=\/wp\/v2\/posts"}],"about":[{"href":"https:\/\/archive.sana.sy\/es\/index.php?rest_route=\/wp\/v2\/types\/post"}],"author":[{"embeddable":true,"href":"https:\/\/archive.sana.sy\/es\/index.php?rest_route=\/wp\/v2\/users\/24"}],"replies":[{"embeddable":true,"href":"https:\/\/archive.sana.sy\/es\/index.php?rest_route=%2Fwp%2Fv2%2Fcomments&post=349301"}],"version-history":[{"count":1,"href":"https:\/\/archive.sana.sy\/es\/index.php?rest_route=\/wp\/v2\/posts\/349301\/revisions"}],"predecessor-version":[{"id":349303,"href":"https:\/\/archive.sana.sy\/es\/index.php?rest_route=\/wp\/v2\/posts\/349301\/revisions\/349303"}],"wp:featuredmedia":[{"embeddable":true,"href":"https:\/\/archive.sana.sy\/es\/index.php?rest_route=\/wp\/v2\/media\/349328"}],"wp:attachment":[{"href":"https:\/\/archive.sana.sy\/es\/index.php?rest_route=%2Fwp%2Fv2%2Fmedia&parent=349301"}],"wp:term":[{"taxonomy":"category","embeddable":true,"href":"https:\/\/archive.sana.sy\/es\/index.php?rest_route=%2Fwp%2Fv2%2Fcategories&post=349301"},{"taxonomy":"post_tag","embeddable":true,"href":"https:\/\/archive.sana.sy\/es\/index.php?rest_route=%2Fwp%2Fv2%2Ftags&post=349301"}],"curies":[{"name":"wp","href":"https:\/\/api.w.org\/{rel}","templated":true}]}}