{"id":349309,"date":"2025-03-25T18:10:29","date_gmt":"2025-03-25T15:10:29","guid":{"rendered":"https:\/\/sana.sy\/es\/?p=349309"},"modified":"2025-03-25T18:10:29","modified_gmt":"2025-03-25T15:10:29","slug":"grupo-de-pobladores-de-koya-se-enfrentaron-a-una-fuerza-militar-israeli-que-intentaba-avanzar-hacia-su-localidad-senalo-gobernador-de-deraa","status":"publish","type":"post","link":"https:\/\/archive.sana.sy\/es\/?p=349309","title":{"rendered":"Grupo de pobladores de Koya se enfrentaron a una fuerza militar israel\u00ed que intentaba avanzar hacia su localidad, se\u00f1al\u00f3\u00a0 gobernador de Deraa"},"content":{"rendered":"<p style=\"text-align: justify\"><span style=\"color: #800000\"><strong>Deraa, 25 mar (SANA)<\/strong><\/span> El gobernador de Deraa, Anwar Taha Al-Zoubi, declar\u00f3 a SANA que las reiteradas violaciones e invasiones del ej\u00e9rcito de ocupaci\u00f3n israel\u00ed en el territorio sirio llevaron a que un grupo de residentes se enfrentara a una fuerza militar que intentaba avanzar hacia la localidad de Koya, al oeste de la provincia.<\/p>\n<p style=\"text-align: justify\">Se\u00f1al\u00f3 que en respuesta, las tropas sionistas efectuaron bombardeos con artiller\u00eda y aviones no tripulados, dejando v\u00edctimas civiles.<\/p>\n<p style=\"text-align: justify\">El gobernador responsabiliz\u00f3 al ej\u00e9rcito de ocupaci\u00f3n por las v\u00edctimas y conden\u00f3 sus reiteradas agresiones contra el territorio sirio.<\/p>\n","protected":false},"excerpt":{"rendered":"<p>Deraa, 25 mar (SANA) El gobernador de Deraa, Anwar Taha Al-Zoubi, declar\u00f3 a SANA que las reiteradas violaciones e invasiones del ej\u00e9rcito de ocupaci\u00f3n israel\u00ed en el territorio sirio llevaron a que un grupo de residentes se enfrentara a una fuerza militar que intentaba avanzar hacia la localidad de Koya, al oeste de la provincia. &hellip;<\/p>\n","protected":false},"author":24,"featured_media":0,"comment_status":"closed","ping_status":"closed","sticky":false,"template":"","format":"standard","meta":{"footnotes":""},"categories":[447,597,20724,476],"tags":[],"class_list":["post-349309","post","type-post","status-publish","format-standard","","category-local-politica","category-cinta-de-noticias","category-minuto-a-minuto","category-locales"],"_links":{"self":[{"href":"https:\/\/archive.sana.sy\/es\/index.php?rest_route=\/wp\/v2\/posts\/349309"}],"collection":[{"href":"https:\/\/archive.sana.sy\/es\/index.php?rest_route=\/wp\/v2\/posts"}],"about":[{"href":"https:\/\/archive.sana.sy\/es\/index.php?rest_route=\/wp\/v2\/types\/post"}],"author":[{"embeddable":true,"href":"https:\/\/archive.sana.sy\/es\/index.php?rest_route=\/wp\/v2\/users\/24"}],"replies":[{"embeddable":true,"href":"https:\/\/archive.sana.sy\/es\/index.php?rest_route=%2Fwp%2Fv2%2Fcomments&post=349309"}],"version-history":[{"count":1,"href":"https:\/\/archive.sana.sy\/es\/index.php?rest_route=\/wp\/v2\/posts\/349309\/revisions"}],"predecessor-version":[{"id":349310,"href":"https:\/\/archive.sana.sy\/es\/index.php?rest_route=\/wp\/v2\/posts\/349309\/revisions\/349310"}],"wp:attachment":[{"href":"https:\/\/archive.sana.sy\/es\/index.php?rest_route=%2Fwp%2Fv2%2Fmedia&parent=349309"}],"wp:term":[{"taxonomy":"category","embeddable":true,"href":"https:\/\/archive.sana.sy\/es\/index.php?rest_route=%2Fwp%2Fv2%2Fcategories&post=349309"},{"taxonomy":"post_tag","embeddable":true,"href":"https:\/\/archive.sana.sy\/es\/index.php?rest_route=%2Fwp%2Fv2%2Ftags&post=349309"}],"curies":[{"name":"wp","href":"https:\/\/api.w.org\/{rel}","templated":true}]}}