{"id":349329,"date":"2025-03-25T19:52:26","date_gmt":"2025-03-25T16:52:26","guid":{"rendered":"https:\/\/sana.sy\/es\/?p=349329"},"modified":"2025-03-25T20:03:04","modified_gmt":"2025-03-25T17:03:04","slug":"qatar-condena-agresion-israeli-contra-poblado-de-koya-al-sur-de-siria","status":"publish","type":"post","link":"https:\/\/archive.sana.sy\/es\/?p=349329","title":{"rendered":"Qatar condena agresi\u00f3n israel\u00ed contra poblado de Koya al sur de Siria"},"content":{"rendered":"<p style=\"text-align: justify\"><span style=\"color: #800000\"><strong>Doha, 25 mar (SANA)<\/strong><\/span> El Ministerio de Asuntos Exteriores de Qatar conden\u00f3 en los t\u00e9rminos m\u00e1s en\u00e9rgicos el bombardeo de las fuerzas del israel\u00ed al pueblo sirio de Koya, situada al oeste de Deraa, que se cobr\u00f3 la vida y caus\u00f3 heridas a varias personas.<\/p>\n<p style=\"text-align: justify\">En un comunicado, la Canciller\u00eda qatar\u00ed destac\u00f3 que &#8220;esta peligrosa escalada constituye una flagrante violaci\u00f3n del derecho internacional&#8221;.<\/p>\n<p style=\"text-align: justify\">Asimismo reiter\u00f3 el pleno apoyo del Estado de Qatar a la soberan\u00eda, la independencia y la integridad territorial de Siria, as\u00ed como a las aspiraciones de su pueblo hermano en lograr la seguridad y estabilidad.<\/p>\n","protected":false},"excerpt":{"rendered":"<p>Doha, 25 mar (SANA) El Ministerio de Asuntos Exteriores de Qatar conden\u00f3 en los t\u00e9rminos m\u00e1s en\u00e9rgicos el bombardeo de las fuerzas del israel\u00ed al pueblo sirio de Koya, situada al oeste de Deraa, que se cobr\u00f3 la vida y caus\u00f3 heridas a varias personas. En un comunicado, la Canciller\u00eda qatar\u00ed destac\u00f3 que &#8220;esta peligrosa &hellip;<\/p>\n","protected":false},"author":24,"featured_media":349332,"comment_status":"closed","ping_status":"closed","sticky":false,"template":"","format":"standard","meta":{"footnotes":""},"categories":[597,20724,467,7541],"tags":[],"class_list":["post-349329","post","type-post","status-publish","format-standard","has-post-thumbnail","","category-cinta-de-noticias","category-minuto-a-minuto","category-siria-y-el-mundo","category-ultimas-noticias"],"_links":{"self":[{"href":"https:\/\/archive.sana.sy\/es\/index.php?rest_route=\/wp\/v2\/posts\/349329"}],"collection":[{"href":"https:\/\/archive.sana.sy\/es\/index.php?rest_route=\/wp\/v2\/posts"}],"about":[{"href":"https:\/\/archive.sana.sy\/es\/index.php?rest_route=\/wp\/v2\/types\/post"}],"author":[{"embeddable":true,"href":"https:\/\/archive.sana.sy\/es\/index.php?rest_route=\/wp\/v2\/users\/24"}],"replies":[{"embeddable":true,"href":"https:\/\/archive.sana.sy\/es\/index.php?rest_route=%2Fwp%2Fv2%2Fcomments&post=349329"}],"version-history":[{"count":3,"href":"https:\/\/archive.sana.sy\/es\/index.php?rest_route=\/wp\/v2\/posts\/349329\/revisions"}],"predecessor-version":[{"id":349333,"href":"https:\/\/archive.sana.sy\/es\/index.php?rest_route=\/wp\/v2\/posts\/349329\/revisions\/349333"}],"wp:featuredmedia":[{"embeddable":true,"href":"https:\/\/archive.sana.sy\/es\/index.php?rest_route=\/wp\/v2\/media\/349332"}],"wp:attachment":[{"href":"https:\/\/archive.sana.sy\/es\/index.php?rest_route=%2Fwp%2Fv2%2Fmedia&parent=349329"}],"wp:term":[{"taxonomy":"category","embeddable":true,"href":"https:\/\/archive.sana.sy\/es\/index.php?rest_route=%2Fwp%2Fv2%2Fcategories&post=349329"},{"taxonomy":"post_tag","embeddable":true,"href":"https:\/\/archive.sana.sy\/es\/index.php?rest_route=%2Fwp%2Fv2%2Ftags&post=349329"}],"curies":[{"name":"wp","href":"https:\/\/api.w.org\/{rel}","templated":true}]}}