{"id":349334,"date":"2025-03-26T08:25:43","date_gmt":"2025-03-26T05:25:43","guid":{"rendered":"https:\/\/sana.sy\/es\/?p=349334"},"modified":"2025-03-26T08:27:54","modified_gmt":"2025-03-26T05:27:54","slug":"siria-agradece-posturas-de-paises-que-condenan-las-agresiones-israelies","status":"publish","type":"post","link":"https:\/\/archive.sana.sy\/es\/?p=349334","title":{"rendered":"Siria agradece posturas de pa\u00edses que condenan las agresiones israel\u00edes"},"content":{"rendered":"<p style=\"text-align: justify;\"><span style=\"color: #800000;\"><strong>Damasco, 26 mar (SANA)\u00a0<\/strong><\/span> El Ministerio de Asuntos Exteriores y Expatriados de Siria acogi\u00f3 con satisfacci\u00f3n las declaraciones emitidas por miembros de la comunidad internacional en el Consejo de Seguridad de las Naciones Unidas, que condenan los repetidos ataques de las fuerzas israel\u00edes en el sur de Siria.<\/p>\n<p style=\"text-align: justify;\">Subray\u00f3 por medio de un comunicado, que estas violaciones constituyen una flagrante violaci\u00f3n del derecho internacional y de la soberan\u00eda de Siria.<\/p>\n<p style=\"text-align: justify;\">El sur de Siria fue testigo de una importante escalada de ataques israel\u00edes, que result\u00f3 en la muerte de seis civiles inocentes, aclar\u00f3 la nota.<\/p>\n<p style=\"text-align: justify;\">Agreg\u00f3 que los pretextos utilizados anteriormente por Israel para justificar sus ataques son completamente refutados, pero las violaciones contin\u00faan sin cesar.<\/p>\n<p style=\"text-align: justify;\">El Ministerio reiter\u00f3 el compromiso de defender la soberan\u00eda y pidi\u00f3 a la comunidad internacional que siga presionando a Israel para que cumpla con el Acuerdo de Separaci\u00f3n de 1974 y detenga sus ataques.<\/p>\n","protected":false},"excerpt":{"rendered":"<p>Damasco, 26 mar (SANA)\u00a0 El Ministerio de Asuntos Exteriores y Expatriados de Siria acogi\u00f3 con satisfacci\u00f3n las declaraciones emitidas por miembros de la comunidad internacional en el Consejo de Seguridad de las Naciones Unidas, que condenan los repetidos ataques de las fuerzas israel\u00edes en el sur de Siria. Subray\u00f3 por medio de un comunicado, que &hellip;<\/p>\n","protected":false},"author":42,"featured_media":349337,"comment_status":"closed","ping_status":"closed","sticky":false,"template":"","format":"standard","meta":{"footnotes":""},"categories":[597,20724,467,583],"tags":[],"class_list":["post-349334","post","type-post","status-publish","format-standard","has-post-thumbnail","","category-cinta-de-noticias","category-minuto-a-minuto","category-siria-y-el-mundo","category-slide"],"_links":{"self":[{"href":"https:\/\/archive.sana.sy\/es\/index.php?rest_route=\/wp\/v2\/posts\/349334"}],"collection":[{"href":"https:\/\/archive.sana.sy\/es\/index.php?rest_route=\/wp\/v2\/posts"}],"about":[{"href":"https:\/\/archive.sana.sy\/es\/index.php?rest_route=\/wp\/v2\/types\/post"}],"author":[{"embeddable":true,"href":"https:\/\/archive.sana.sy\/es\/index.php?rest_route=\/wp\/v2\/users\/42"}],"replies":[{"embeddable":true,"href":"https:\/\/archive.sana.sy\/es\/index.php?rest_route=%2Fwp%2Fv2%2Fcomments&post=349334"}],"version-history":[{"count":1,"href":"https:\/\/archive.sana.sy\/es\/index.php?rest_route=\/wp\/v2\/posts\/349334\/revisions"}],"predecessor-version":[{"id":349336,"href":"https:\/\/archive.sana.sy\/es\/index.php?rest_route=\/wp\/v2\/posts\/349334\/revisions\/349336"}],"wp:featuredmedia":[{"embeddable":true,"href":"https:\/\/archive.sana.sy\/es\/index.php?rest_route=\/wp\/v2\/media\/349337"}],"wp:attachment":[{"href":"https:\/\/archive.sana.sy\/es\/index.php?rest_route=%2Fwp%2Fv2%2Fmedia&parent=349334"}],"wp:term":[{"taxonomy":"category","embeddable":true,"href":"https:\/\/archive.sana.sy\/es\/index.php?rest_route=%2Fwp%2Fv2%2Fcategories&post=349334"},{"taxonomy":"post_tag","embeddable":true,"href":"https:\/\/archive.sana.sy\/es\/index.php?rest_route=%2Fwp%2Fv2%2Ftags&post=349334"}],"curies":[{"name":"wp","href":"https:\/\/api.w.org\/{rel}","templated":true}]}}