{"id":349345,"date":"2025-03-26T08:49:17","date_gmt":"2025-03-26T05:49:17","guid":{"rendered":"https:\/\/sana.sy\/es\/?p=349345"},"modified":"2025-03-26T08:50:08","modified_gmt":"2025-03-26T05:50:08","slug":"arabia-saudita-condena-agresion-israeli-en-el-suroeste-de-siria","status":"publish","type":"post","link":"https:\/\/archive.sana.sy\/es\/?p=349345","title":{"rendered":"Arabia Saudita condena agresi\u00f3n israel\u00ed en el suroeste de Siria"},"content":{"rendered":"<p style=\"text-align: justify;\">Riad,26 mar (SANA) El Ministerio de Asuntos Exteriores de Arabia Saudita declar\u00f3 hoy que Riad condena en\u00e9rgicamente el bombardeo de las fuerzas de ocupaci\u00f3n israel\u00edes contra la localidad de Koya, en la hermana Rep\u00fablica \u00c1rabe Siria, que provoc\u00f3 la muerte y heridas a decenas de personas inocentes.<\/p>\n<p style=\"text-align: justify;\">El Reino reiter\u00f3 su rechazo categ\u00f3rico a los continuos intentos de las autoridades de ocupaci\u00f3n israel\u00edes de socavar la seguridad y la estabilidad de Siria y la regi\u00f3n mediante sus flagrantes y reiteradas violaciones de las leyes internacionales pertinentes.<\/p>\n","protected":false},"excerpt":{"rendered":"<p>Riad,26 mar (SANA) El Ministerio de Asuntos Exteriores de Arabia Saudita declar\u00f3 hoy que Riad condena en\u00e9rgicamente el bombardeo de las fuerzas de ocupaci\u00f3n israel\u00edes contra la localidad de Koya, en la hermana Rep\u00fablica \u00c1rabe Siria, que provoc\u00f3 la muerte y heridas a decenas de personas inocentes. El Reino reiter\u00f3 su rechazo categ\u00f3rico a los &hellip;<\/p>\n","protected":false},"author":42,"featured_media":349346,"comment_status":"closed","ping_status":"closed","sticky":false,"template":"","format":"standard","meta":{"footnotes":""},"categories":[597,20724,467,7541],"tags":[],"class_list":["post-349345","post","type-post","status-publish","format-standard","has-post-thumbnail","","category-cinta-de-noticias","category-minuto-a-minuto","category-siria-y-el-mundo","category-ultimas-noticias"],"_links":{"self":[{"href":"https:\/\/archive.sana.sy\/es\/index.php?rest_route=\/wp\/v2\/posts\/349345"}],"collection":[{"href":"https:\/\/archive.sana.sy\/es\/index.php?rest_route=\/wp\/v2\/posts"}],"about":[{"href":"https:\/\/archive.sana.sy\/es\/index.php?rest_route=\/wp\/v2\/types\/post"}],"author":[{"embeddable":true,"href":"https:\/\/archive.sana.sy\/es\/index.php?rest_route=\/wp\/v2\/users\/42"}],"replies":[{"embeddable":true,"href":"https:\/\/archive.sana.sy\/es\/index.php?rest_route=%2Fwp%2Fv2%2Fcomments&post=349345"}],"version-history":[{"count":2,"href":"https:\/\/archive.sana.sy\/es\/index.php?rest_route=\/wp\/v2\/posts\/349345\/revisions"}],"predecessor-version":[{"id":349348,"href":"https:\/\/archive.sana.sy\/es\/index.php?rest_route=\/wp\/v2\/posts\/349345\/revisions\/349348"}],"wp:featuredmedia":[{"embeddable":true,"href":"https:\/\/archive.sana.sy\/es\/index.php?rest_route=\/wp\/v2\/media\/349346"}],"wp:attachment":[{"href":"https:\/\/archive.sana.sy\/es\/index.php?rest_route=%2Fwp%2Fv2%2Fmedia&parent=349345"}],"wp:term":[{"taxonomy":"category","embeddable":true,"href":"https:\/\/archive.sana.sy\/es\/index.php?rest_route=%2Fwp%2Fv2%2Fcategories&post=349345"},{"taxonomy":"post_tag","embeddable":true,"href":"https:\/\/archive.sana.sy\/es\/index.php?rest_route=%2Fwp%2Fv2%2Ftags&post=349345"}],"curies":[{"name":"wp","href":"https:\/\/api.w.org\/{rel}","templated":true}]}}