{"id":349354,"date":"2025-03-26T08:57:41","date_gmt":"2025-03-26T05:57:41","guid":{"rendered":"https:\/\/sana.sy\/es\/?p=349354"},"modified":"2025-03-26T08:57:41","modified_gmt":"2025-03-26T05:57:41","slug":"el-grupo-a3-condena-ataques-israelies-en-territorio-sirio-y-pide-levantamiento-inmediato-de-las-sanciones","status":"publish","type":"post","link":"https:\/\/archive.sana.sy\/es\/?p=349354","title":{"rendered":"El grupo A3+ condena ataques israel\u00edes en territorio sirio y pide levantamiento inmediato de las sanciones"},"content":{"rendered":"<p style=\"text-align: justify;\"><span style=\"color: #800000;\"><strong>Nueva York , 26 mar (SANA)<\/strong> <\/span>Argelia y los pa\u00edses africanos del grupo A3+ del Consejo de Seguridad de la ONU condenaron hoy los repetidos ataques israel\u00edes contra territorio sirio y ratificaron su llamamiento al levantamiento inmediato de las sanciones unilaterales impuestas a Siria.<\/p>\n<p style=\"text-align: justify;\">El Grupo reiter\u00f3 su compromiso inquebrantable con la unidad, soberan\u00eda, independencia e integridad territorial de Siria, y pidi\u00f3 la no interferencia en los asuntos internos del pa\u00eds.<\/p>\n<p style=\"text-align: justify;\">As\u00ed, lo afirm\u00f3 el delegado argelino, Amar Benjamaa, en nombre del grupo &#8220;A3+&#8221;, que incluye a los tres pa\u00edses africanos que son miembros no permanentes del Consejo de Seguridad (Argelia, Sierra Leona y Somalia), adem\u00e1s de la Rep\u00fablica de Guyana de la regi\u00f3n del Caribe, durante una sesi\u00f3n informativa sobre Siria.<\/p>\n<p style=\"text-align: justify;\">Respecto de la situaci\u00f3n humanitaria en Siria, el Grupo inst\u00f3 a la comunidad internacional a seguir prestando apoyo y solidaridad a los sirios.<\/p>\n","protected":false},"excerpt":{"rendered":"<p>Nueva York , 26 mar (SANA) Argelia y los pa\u00edses africanos del grupo A3+ del Consejo de Seguridad de la ONU condenaron hoy los repetidos ataques israel\u00edes contra territorio sirio y ratificaron su llamamiento al levantamiento inmediato de las sanciones unilaterales impuestas a Siria. El Grupo reiter\u00f3 su compromiso inquebrantable con la unidad, soberan\u00eda, independencia &hellip;<\/p>\n","protected":false},"author":42,"featured_media":349355,"comment_status":"closed","ping_status":"closed","sticky":false,"template":"","format":"standard","meta":{"footnotes":""},"categories":[597,20724,467,7541],"tags":[],"class_list":["post-349354","post","type-post","status-publish","format-standard","has-post-thumbnail","","category-cinta-de-noticias","category-minuto-a-minuto","category-siria-y-el-mundo","category-ultimas-noticias"],"_links":{"self":[{"href":"https:\/\/archive.sana.sy\/es\/index.php?rest_route=\/wp\/v2\/posts\/349354"}],"collection":[{"href":"https:\/\/archive.sana.sy\/es\/index.php?rest_route=\/wp\/v2\/posts"}],"about":[{"href":"https:\/\/archive.sana.sy\/es\/index.php?rest_route=\/wp\/v2\/types\/post"}],"author":[{"embeddable":true,"href":"https:\/\/archive.sana.sy\/es\/index.php?rest_route=\/wp\/v2\/users\/42"}],"replies":[{"embeddable":true,"href":"https:\/\/archive.sana.sy\/es\/index.php?rest_route=%2Fwp%2Fv2%2Fcomments&post=349354"}],"version-history":[{"count":1,"href":"https:\/\/archive.sana.sy\/es\/index.php?rest_route=\/wp\/v2\/posts\/349354\/revisions"}],"predecessor-version":[{"id":349356,"href":"https:\/\/archive.sana.sy\/es\/index.php?rest_route=\/wp\/v2\/posts\/349354\/revisions\/349356"}],"wp:featuredmedia":[{"embeddable":true,"href":"https:\/\/archive.sana.sy\/es\/index.php?rest_route=\/wp\/v2\/media\/349355"}],"wp:attachment":[{"href":"https:\/\/archive.sana.sy\/es\/index.php?rest_route=%2Fwp%2Fv2%2Fmedia&parent=349354"}],"wp:term":[{"taxonomy":"category","embeddable":true,"href":"https:\/\/archive.sana.sy\/es\/index.php?rest_route=%2Fwp%2Fv2%2Fcategories&post=349354"},{"taxonomy":"post_tag","embeddable":true,"href":"https:\/\/archive.sana.sy\/es\/index.php?rest_route=%2Fwp%2Fv2%2Ftags&post=349354"}],"curies":[{"name":"wp","href":"https:\/\/api.w.org\/{rel}","templated":true}]}}