{"id":34937,"date":"2015-12-10T17:39:43","date_gmt":"2015-12-10T15:39:43","guid":{"rendered":"http:\/\/sana.sy\/es\/?p=34937"},"modified":"2015-12-10T17:48:02","modified_gmt":"2015-12-10T15:48:02","slug":"ministro-de-informacion-tilda-de-una-farsa-ultima-declaraciones-del-canciller-saudi","status":"publish","type":"post","link":"https:\/\/archive.sana.sy\/es\/?p=34937","title":{"rendered":"Ministro de Informaci\u00f3n tilda de &#8220;una farsa&#8221; \u00faltima declaraciones del canciller saud\u00ed"},"content":{"rendered":"<p><span style=\"color: #800000\">Damasco, SANA<\/span><\/p>\n<p>El ministro de Informaci\u00f3n fustig\u00f3 rotundamente las \u00faltimas declaraciones del Canciller saud\u00ed sobre el destino del presidente Bashar al-Assad, tild\u00e1ndolas de \u201cuna farsa digna de su r\u00e9gimen\u201d.<\/p>\n<p>Asimismo expres\u00f3 que estas declaraciones no tienen ninguna importancia en el mundo pol\u00edtico y diplom\u00e1tico.<\/p>\n<p>&nbsp;<br \/>\nLynn A.<\/p>\n","protected":false},"excerpt":{"rendered":"<p>Damasco, SANA El ministro de Informaci\u00f3n fustig\u00f3 rotundamente las \u00faltimas declaraciones del Canciller saud\u00ed sobre el destino del presidente Bashar al-Assad, tild\u00e1ndolas de \u201cuna farsa digna de su r\u00e9gimen\u201d. Asimismo expres\u00f3 que estas declaraciones no tienen ninguna importancia en el mundo pol\u00edtico y diplom\u00e1tico. &nbsp; Lynn A.<\/p>\n","protected":false},"author":24,"featured_media":32505,"comment_status":"closed","ping_status":"closed","sticky":false,"template":"","format":"standard","meta":{"footnotes":""},"categories":[477,476,7541],"tags":[],"class_list":["post-34937","post","type-post","status-publish","format-standard","has-post-thumbnail","","category-noticias-edulcorantes","category-locales","category-ultimas-noticias"],"_links":{"self":[{"href":"https:\/\/archive.sana.sy\/es\/index.php?rest_route=\/wp\/v2\/posts\/34937"}],"collection":[{"href":"https:\/\/archive.sana.sy\/es\/index.php?rest_route=\/wp\/v2\/posts"}],"about":[{"href":"https:\/\/archive.sana.sy\/es\/index.php?rest_route=\/wp\/v2\/types\/post"}],"author":[{"embeddable":true,"href":"https:\/\/archive.sana.sy\/es\/index.php?rest_route=\/wp\/v2\/users\/24"}],"replies":[{"embeddable":true,"href":"https:\/\/archive.sana.sy\/es\/index.php?rest_route=%2Fwp%2Fv2%2Fcomments&post=34937"}],"version-history":[{"count":0,"href":"https:\/\/archive.sana.sy\/es\/index.php?rest_route=\/wp\/v2\/posts\/34937\/revisions"}],"wp:featuredmedia":[{"embeddable":true,"href":"https:\/\/archive.sana.sy\/es\/index.php?rest_route=\/wp\/v2\/media\/32505"}],"wp:attachment":[{"href":"https:\/\/archive.sana.sy\/es\/index.php?rest_route=%2Fwp%2Fv2%2Fmedia&parent=34937"}],"wp:term":[{"taxonomy":"category","embeddable":true,"href":"https:\/\/archive.sana.sy\/es\/index.php?rest_route=%2Fwp%2Fv2%2Fcategories&post=34937"},{"taxonomy":"post_tag","embeddable":true,"href":"https:\/\/archive.sana.sy\/es\/index.php?rest_route=%2Fwp%2Fv2%2Ftags&post=34937"}],"curies":[{"name":"wp","href":"https:\/\/api.w.org\/{rel}","templated":true}]}}