{"id":349373,"date":"2025-03-26T13:32:28","date_gmt":"2025-03-26T10:32:28","guid":{"rendered":"https:\/\/sana.sy\/es\/?p=349373"},"modified":"2025-03-26T13:32:28","modified_gmt":"2025-03-26T10:32:28","slug":"turkiye-pide-al-consejo-de-seguridad-que-tome-medidas-inmediatas-para-detener-escalada-israeli-en-siria","status":"publish","type":"post","link":"https:\/\/archive.sana.sy\/es\/?p=349373","title":{"rendered":"T\u00fcrkiye pide al Consejo de Seguridad que tome medidas inmediatas para detener escalada israel\u00ed en Siria"},"content":{"rendered":"<p style=\"text-align: justify;\"><span style=\"color: #800000;\"><strong>Nueva York, 26 mar (SANA)\u00a0<\/strong> <\/span>\u00a0El representante permanente de T\u00fcrkiye ante las Naciones Unidas, \u00a0Ahmet Yildiz, conden\u00f3 en\u00e9rgicamente la escalada militar israel\u00ed en Siria.<\/p>\n<p style=\"text-align: justify;\">El delegado turco dijo, durante una sesi\u00f3n del Consejo de Seguridad de la ONU, que \u201cen este momento cr\u00edtico, la comunidad internacional debe intensificar su apoyo para ayudar al pueblo sirio a superar los desaf\u00edos que enfrenta\u201d.<\/p>\n<p style=\"text-align: justify;\">Pidi\u00f3 el levantamiento de las sanciones contra Siria y el apoyo a los esfuerzos de ayuda humanitaria y reconstrucci\u00f3n en el pa\u00eds.<\/p>\n<p style=\"text-align: justify;\">El diplom\u00e1tico reiter\u00f3 el apoyo de su pa\u00eds a todo lo que puede garantizar una Siria estable, unida y segura, y elogi\u00f3 los esfuerzos del Gobierno provisional sirio.<\/p>\n<p style=\"text-align: justify;\">Consider\u00f3 que el pr\u00f3ximo per\u00edodo en Siria representa una oportunidad hist\u00f3rica para el pueblo sirio y esta oportunidad no debe desaprovecharse.<\/p>\n","protected":false},"excerpt":{"rendered":"<p>Nueva York, 26 mar (SANA)\u00a0 \u00a0El representante permanente de T\u00fcrkiye ante las Naciones Unidas, \u00a0Ahmet Yildiz, conden\u00f3 en\u00e9rgicamente la escalada militar israel\u00ed en Siria. El delegado turco dijo, durante una sesi\u00f3n del Consejo de Seguridad de la ONU, que \u201cen este momento cr\u00edtico, la comunidad internacional debe intensificar su apoyo para ayudar al pueblo sirio &hellip;<\/p>\n","protected":false},"author":34,"featured_media":349375,"comment_status":"closed","ping_status":"closed","sticky":false,"template":"","format":"standard","meta":{"footnotes":""},"categories":[597,20724,467,7541],"tags":[],"class_list":["post-349373","post","type-post","status-publish","format-standard","has-post-thumbnail","","category-cinta-de-noticias","category-minuto-a-minuto","category-siria-y-el-mundo","category-ultimas-noticias"],"_links":{"self":[{"href":"https:\/\/archive.sana.sy\/es\/index.php?rest_route=\/wp\/v2\/posts\/349373"}],"collection":[{"href":"https:\/\/archive.sana.sy\/es\/index.php?rest_route=\/wp\/v2\/posts"}],"about":[{"href":"https:\/\/archive.sana.sy\/es\/index.php?rest_route=\/wp\/v2\/types\/post"}],"author":[{"embeddable":true,"href":"https:\/\/archive.sana.sy\/es\/index.php?rest_route=\/wp\/v2\/users\/34"}],"replies":[{"embeddable":true,"href":"https:\/\/archive.sana.sy\/es\/index.php?rest_route=%2Fwp%2Fv2%2Fcomments&post=349373"}],"version-history":[{"count":1,"href":"https:\/\/archive.sana.sy\/es\/index.php?rest_route=\/wp\/v2\/posts\/349373\/revisions"}],"predecessor-version":[{"id":349376,"href":"https:\/\/archive.sana.sy\/es\/index.php?rest_route=\/wp\/v2\/posts\/349373\/revisions\/349376"}],"wp:featuredmedia":[{"embeddable":true,"href":"https:\/\/archive.sana.sy\/es\/index.php?rest_route=\/wp\/v2\/media\/349375"}],"wp:attachment":[{"href":"https:\/\/archive.sana.sy\/es\/index.php?rest_route=%2Fwp%2Fv2%2Fmedia&parent=349373"}],"wp:term":[{"taxonomy":"category","embeddable":true,"href":"https:\/\/archive.sana.sy\/es\/index.php?rest_route=%2Fwp%2Fv2%2Fcategories&post=349373"},{"taxonomy":"post_tag","embeddable":true,"href":"https:\/\/archive.sana.sy\/es\/index.php?rest_route=%2Fwp%2Fv2%2Ftags&post=349373"}],"curies":[{"name":"wp","href":"https:\/\/api.w.org\/{rel}","templated":true}]}}