{"id":349392,"date":"2025-03-26T18:22:55","date_gmt":"2025-03-26T15:22:55","guid":{"rendered":"https:\/\/sana.sy\/es\/?p=349392"},"modified":"2025-03-26T18:22:55","modified_gmt":"2025-03-26T15:22:55","slug":"inflacion-en-siria-registra-una-significativa-caida-informa-el-banco-central","status":"publish","type":"post","link":"https:\/\/archive.sana.sy\/es\/?p=349392","title":{"rendered":"Inflaci\u00f3n en Siria registra una significativa ca\u00edda, informa el Banco Central"},"content":{"rendered":"<p style=\"text-align: justify\"><span style=\"color: #800000\"><strong>Damasco, 26 mar (SANA)<\/strong> <\/span>La tasa de inflaci\u00f3n general calculada en Siria para el per\u00edodo de marzo 2024 a febrero 2025 alcanz\u00f3 el 36,8 por ciento, lo que representa una disminuci\u00f3n en comparaci\u00f3n con la tasa del 120,6 por ciento calculada durante el mismo per\u00edodo anterior.<\/p>\n<p style=\"text-align: justify\">En un informe publicado sobre los indicadores de inflaci\u00f3n en Siria para febrero de 2025, el Banco Central atribuy\u00f3 el aumento continuo de precios al incremento de los costos, lo que ha llevado a una baja en la demanda local de los productos b\u00e1sicos.<\/p>\n<p style=\"text-align: justify\">Explic\u00f3 que la reducci\u00f3n de los ingresos reales ha disminuido el poder adquisitivo de la poblaci\u00f3n, afectando su capacidad para satisfacer necesidades diarias y causando una ca\u00edda en la actividad de ventas.<\/p>\n<p style=\"text-align: justify\">El informe indic\u00f3 que la tasa de inflaci\u00f3n solo para febrero alcanz\u00f3 el 15,2 por ciento, lo que es inferior al 109,5 por ciento registrado para el mismo per\u00edodo en 2024.<\/p>\n<p style=\"text-align: justify\">La tasa de inflaci\u00f3n mensual para febrero de 2025 fue del 8,0 por ciento en comparaci\u00f3n con el 9,3 del mes anterior de enero 2025. Esta mejora \u00a0resulta de la disminuci\u00f3n de los precios tras la liberalizaci\u00f3n, se\u00f1al\u00f3.<\/p>\n","protected":false},"excerpt":{"rendered":"<p>Damasco, 26 mar (SANA) La tasa de inflaci\u00f3n general calculada en Siria para el per\u00edodo de marzo 2024 a febrero 2025 alcanz\u00f3 el 36,8 por ciento, lo que representa una disminuci\u00f3n en comparaci\u00f3n con la tasa del 120,6 por ciento calculada durante el mismo per\u00edodo anterior. En un informe publicado sobre los indicadores de inflaci\u00f3n &hellip;<\/p>\n","protected":false},"author":24,"featured_media":349393,"comment_status":"closed","ping_status":"closed","sticky":false,"template":"","format":"standard","meta":{"footnotes":""},"categories":[447,620,597,16686,483,485,20724,448,7541],"tags":[],"class_list":["post-349392","post","type-post","status-publish","format-standard","has-post-thumbnail","","category-local-politica","category-boletin-economico","category-cinta-de-noticias","category-economia","category-negocios-y-finanzas","category-informes-negocios-y-finanzas","category-minuto-a-minuto","category-noticias","category-ultimas-noticias"],"_links":{"self":[{"href":"https:\/\/archive.sana.sy\/es\/index.php?rest_route=\/wp\/v2\/posts\/349392"}],"collection":[{"href":"https:\/\/archive.sana.sy\/es\/index.php?rest_route=\/wp\/v2\/posts"}],"about":[{"href":"https:\/\/archive.sana.sy\/es\/index.php?rest_route=\/wp\/v2\/types\/post"}],"author":[{"embeddable":true,"href":"https:\/\/archive.sana.sy\/es\/index.php?rest_route=\/wp\/v2\/users\/24"}],"replies":[{"embeddable":true,"href":"https:\/\/archive.sana.sy\/es\/index.php?rest_route=%2Fwp%2Fv2%2Fcomments&post=349392"}],"version-history":[{"count":1,"href":"https:\/\/archive.sana.sy\/es\/index.php?rest_route=\/wp\/v2\/posts\/349392\/revisions"}],"predecessor-version":[{"id":349394,"href":"https:\/\/archive.sana.sy\/es\/index.php?rest_route=\/wp\/v2\/posts\/349392\/revisions\/349394"}],"wp:featuredmedia":[{"embeddable":true,"href":"https:\/\/archive.sana.sy\/es\/index.php?rest_route=\/wp\/v2\/media\/349393"}],"wp:attachment":[{"href":"https:\/\/archive.sana.sy\/es\/index.php?rest_route=%2Fwp%2Fv2%2Fmedia&parent=349392"}],"wp:term":[{"taxonomy":"category","embeddable":true,"href":"https:\/\/archive.sana.sy\/es\/index.php?rest_route=%2Fwp%2Fv2%2Fcategories&post=349392"},{"taxonomy":"post_tag","embeddable":true,"href":"https:\/\/archive.sana.sy\/es\/index.php?rest_route=%2Fwp%2Fv2%2Ftags&post=349392"}],"curies":[{"name":"wp","href":"https:\/\/api.w.org\/{rel}","templated":true}]}}